{"id":9496,"date":"2026-09-01T18:03:23","date_gmt":"2026-09-01T21:03:23","guid":{"rendered":"https:\/\/audec.edu.uy\/?p=9496"},"modified":"2026-09-01T18:06:04","modified_gmt":"2026-09-01T21:06:04","slug":"celebracion-dia-de-la-educacion-catolica","status":"publish","type":"post","link":"https:\/\/audec.edu.uy\/index.php\/2026\/09\/01\/celebracion-dia-de-la-educacion-catolica\/","title":{"rendered":"CELEBRACI\u00d3N D\u00cdA DE LA EDUCACI\u00d3N CAT\u00d3LICA"},"content":{"rendered":"\n<p class=\"wp-block-paragraph\">Los invitamos a celebrar nuestro d\u00eda poniendo en el centro una pregunta que hoy interpela profundamente a todos quienes educamos: \u00bfc\u00f3mo custodiar lo humano en un tiempo atravesado por la inteligencia artificial? Buscamos un espacio de reflexi\u00f3n sobre el sentido de educar, el valor de cada persona y el desaf\u00edo de acompa\u00f1ar a ni\u00f1os, ni\u00f1as y adolescentes en un mundo que cambia r\u00e1pidamente, a trav\u00e9s del mensaje de Le\u00f3n XIV en su Enc\u00edclica.<\/p>\n\n\n\n<p class=\"wp-block-paragraph\">Compartiremos una conferencia liderada por Miguel Pastorino, Doctor en Filosof\u00eda, Magister en Direcci\u00f3n de Comunicaci\u00f3n , y Licenciado en Humanidades.\u00a0 <\/p>\n\n\n\n<p class=\"wp-block-paragraph\"><\/p>\n\n\n\n<p class=\"wp-block-paragraph\"><strong>LUNES 7 DE SETIEMBRE &#8211;\u00a08:45 a 9:45 h\u00a0&#8211; Colegio Seminario &#8211; Sala Morel (Soriano 1472 , Mdeo).<\/strong> <\/p>\n\n\n\n<p class=\"wp-block-paragraph\">Actividad gratuita con inscripci\u00f3n previa en <a href=\"https:\/\/docs.google.com\/forms\/d\/e\/1FAIpQLSeBx98FYwJrFjjhr97qYoNVb6duMn__GA4rMmpP7NvVS669nA\/viewform\" data-type=\"link\" data-id=\"https:\/\/docs.google.com\/forms\/d\/e\/1FAIpQLSeBx98FYwJrFjjhr97qYoNVb6duMn__GA4rMmpP7NvVS669nA\/viewform\">este enlace.<\/a><br><\/p>\n","protected":false},"excerpt":{"rendered":"<p>Los invitamos a celebrar nuestro d\u00eda poniendo en el centro una pregunta que hoy interpela profundamente a todos quienes educamos: \u00bfc\u00f3mo custodiar lo humano en un tiempo atravesado por la inteligencia artificial? Buscamos un espacio de reflexi\u00f3n sobre el sentido de educar, el valor de cada persona y el desaf\u00edo de acompa\u00f1ar a ni\u00f1os, ni\u00f1as &hellip; <a href=\"https:\/\/audec.edu.uy\/index.php\/2026\/09\/01\/celebracion-dia-de-la-educacion-catolica\/\" class=\"more-link\">Continue reading<span class=\"screen-reader-text\"> \u00abCELEBRACI\u00d3N D\u00cdA DE LA EDUCACI\u00d3N CAT\u00d3LICA\u00bb<\/span><\/a><\/p>\n","protected":false},"author":4,"featured_media":9497,"comment_status":"closed","ping_status":"closed","sticky":false,"template":"","format":"standard","meta":{"_uag_custom_page_level_css":"","footnotes":""},"categories":[26],"tags":[],"class_list":["post-9496","post","type-post","status-publish","format-standard","has-post-thumbnail","hentry","category-proxima-actividad"],"uagb_featured_image_src":{"full":["https:\/\/audec.edu.uy\/wp-content\/uploads\/2026\/09\/dia-de-la-educacion-catolica-Presentacion.jpg",1920,1080,false],"thumbnail":["https:\/\/audec.edu.uy\/wp-content\/uploads\/2026\/09\/dia-de-la-educacion-catolica-Presentacion-150x150.jpg",150,150,true],"medium":["https:\/\/audec.edu.uy\/wp-content\/uploads\/2026\/09\/dia-de-la-educacion-catolica-Presentacion-300x169.jpg",300,169,true],"medium_large":["https:\/\/audec.edu.uy\/wp-content\/uploads\/2026\/09\/dia-de-la-educacion-catolica-Presentacion-768x432.jpg",768,432,true],"large":["https:\/\/audec.edu.uy\/wp-content\/uploads\/2026\/09\/dia-de-la-educacion-catolica-Presentacion-1024x576.jpg",1024,576,true],"1536x1536":["https:\/\/audec.edu.uy\/wp-content\/uploads\/2026\/09\/dia-de-la-educacion-catolica-Presentacion-1536x864.jpg",1536,864,true],"2048x2048":["https:\/\/audec.edu.uy\/wp-content\/uploads\/2026\/09\/dia-de-la-educacion-catolica-Presentacion.jpg",1920,1080,false],"post-thumbnail":["https:\/\/audec.edu.uy\/wp-content\/uploads\/2026\/09\/dia-de-la-educacion-catolica-Presentacion-1200x675.jpg",1200,675,true]},"uagb_author_info":{"display_name":"Andrea","author_link":"https:\/\/audec.edu.uy\/index.php\/author\/andrea\/"},"uagb_comment_info":0,"uagb_excerpt":"Los invitamos a celebrar nuestro d\u00eda poniendo en el centro una pregunta que hoy interpela profundamente a todos quienes educamos: \u00bfc\u00f3mo custodiar lo humano en un tiempo atravesado por la inteligencia artificial? Buscamos un espacio de reflexi\u00f3n sobre el sentido de educar, el valor de cada persona y el desaf\u00edo de acompa\u00f1ar a ni\u00f1os, ni\u00f1as&hellip;","_links":{"self":[{"href":"https:\/\/audec.edu.uy\/index.php\/wp-json\/wp\/v2\/posts\/9496","targetHints":{"allow":["GET"]}}],"collection":[{"href":"https:\/\/audec.edu.uy\/index.php\/wp-json\/wp\/v2\/posts"}],"about":[{"href":"https:\/\/audec.edu.uy\/index.php\/wp-json\/wp\/v2\/types\/post"}],"author":[{"embeddable":true,"href":"https:\/\/audec.edu.uy\/index.php\/wp-json\/wp\/v2\/users\/4"}],"replies":[{"embeddable":true,"href":"https:\/\/audec.edu.uy\/index.php\/wp-json\/wp\/v2\/comments?post=9496"}],"version-history":[{"count":3,"href":"https:\/\/audec.edu.uy\/index.php\/wp-json\/wp\/v2\/posts\/9496\/revisions"}],"predecessor-version":[{"id":9500,"href":"https:\/\/audec.edu.uy\/index.php\/wp-json\/wp\/v2\/posts\/9496\/revisions\/9500"}],"wp:featuredmedia":[{"embeddable":true,"href":"https:\/\/audec.edu.uy\/index.php\/wp-json\/wp\/v2\/media\/9497"}],"wp:attachment":[{"href":"https:\/\/audec.edu.uy\/index.php\/wp-json\/wp\/v2\/media?parent=9496"}],"wp:term":[{"taxonomy":"category","embeddable":true,"href":"https:\/\/audec.edu.uy\/index.php\/wp-json\/wp\/v2\/categories?post=9496"},{"taxonomy":"post_tag","embeddable":true,"href":"https:\/\/audec.edu.uy\/index.php\/wp-json\/wp\/v2\/tags?post=9496"}],"curies":[{"name":"wp","href":"https:\/\/api.w.org\/{rel}","templated":true}]}}