{"id":9006,"date":"2026-04-24T15:22:28","date_gmt":"2026-04-24T18:22:28","guid":{"rendered":"https:\/\/audec.edu.uy\/?p=9006"},"modified":"2026-04-24T15:22:28","modified_gmt":"2026-04-24T18:22:28","slug":"482-de-la-poblacion-vive-en-un-hogar-donde-al-menos-uno-de-sus-miembros-tiene-carencias-de-escolarizacion","status":"publish","type":"post","link":"https:\/\/audec.edu.uy\/index.php\/2026\/04\/24\/482-de-la-poblacion-vive-en-un-hogar-donde-al-menos-uno-de-sus-miembros-tiene-carencias-de-escolarizacion\/","title":{"rendered":"48,2% de la poblaci\u00f3n vive en un hogar donde al menos uno de sus miembros tiene carencias de escolarizaci\u00f3n"},"content":{"rendered":"\n<p>24 DE ABRIL<\/p>\n\n\n\n<p>LA REPUBLICA<\/p>\n\n\n\n<p>El Instituto Nacional de Estad\u00edstica (INE) present\u00f3 los resultados del \u00cdndice de Pobreza Multidimensional (IPM) correspondientes a 2025. Esta medici\u00f3n, que complementa la tradicional estimaci\u00f3n de pobreza por ingresos, revela que el 18,7% de la poblaci\u00f3n del pa\u00eds se encuentra en situaci\u00f3n de pobreza multidimensional, lo que representa una disminuci\u00f3n de 1,2 puntos porcentuales respecto al 19,9% registrado en 2024. El indicador que m\u00e1s contribuye a la pobreza en 2025 es el de a\u00f1os de escolarizaci\u00f3n, contribuyendo en 18,5%, seguido del de informalidad, que contribuye un 13,5% y el de materialidad y problemas de la vivienda un 11,3%. La contribuci\u00f3n de cada indicador mantiene el mismo comportamiento al observado en 2024.<\/p>\n\n\n\n<p>A diferencia de la pobreza monetaria, que se basa \u00fanicamente en el nivel de ingresos de los hogares para adquirir una canasta b\u00e1sica, el IPM identifica carencias en cinco dimensiones clave como educaci\u00f3n, condiciones habitacionales, servicios b\u00e1sicos, protecci\u00f3n social y empleo. Este enfoque permite capturar una imagen m\u00e1s completa y precisa de las privaciones que enfrentan los hogares uruguayos, ya que una persona puede no ser pobre en t\u00e9rminos de ingresos pero s\u00ed enfrentar privaciones en otras \u00e1reas, o viceversa.<\/p>\n\n\n\n<p>Principales resultados<\/p>\n\n\n\n<p>El IPM 2025 se ubic\u00f3 en 0,063, una ca\u00edda de aproximadamente el 7% en comparaci\u00f3n con el valor de 0,068 del a\u00f1o anterior. Es importante destacar que, si bien la reducci\u00f3n en la incidencia no fue estad\u00edsticamente significativa la ca\u00edda en la intensidad s\u00ed lo fue, lo que sugiere que las personas en situaci\u00f3n de pobreza experimentaron una menor cantidad de privaciones simult\u00e1neas en 2025 en comparaci\u00f3n con 2024. El IPM en Montevideo se mantuvo estable en 16,4%, mientras que en el interior del pa\u00eds descendi\u00f3 del 22,5% al 20,2%.<\/p>\n\n\n\n<p>Casi la mitad de la poblaci\u00f3n (48,2%) reside en hogares donde alg\u00fan adulto presenta privaci\u00f3n en a\u00f1os de escolarizaci\u00f3n, cerca de un 30% en hogares con al menos un miembro en situaci\u00f3n de empleo informal y aproximadamente un 17% en hogares con problemas de materialidad en la vivienda. Entre la poblaci\u00f3n en situaci\u00f3n de pobreza multidimensional, estas mismas privaciones contin\u00faan siendo las m\u00e1s relevantes. El 17,4% de las personas pobres vive en hogares con carencias en a\u00f1os de escolarizaci\u00f3n, alrededor del 12% en hogares con informalidad en el empleo y cerca de un 10% en hogares con privaciones en la materialidad de la vivienda. En conjunto, estos resultados indican que, al igual que en 2024, los a\u00f1os de escolarizaci\u00f3n, la informalidad laboral y la materialidad de la vivienda concentran las mayores incidencias, tanto en el total de la poblaci\u00f3n como entre quienes se encuentran en situaci\u00f3n de pobreza multidimensional. Montevideo es la regi\u00f3n con la menor incidencia de pobreza, en comparaci\u00f3n con el interior del pa\u00eds. El INE indica que claramente, si se lo compara con el interior, una menor proporci\u00f3n de los habitantes en Montevideo experimenta una menor proporci\u00f3n de privaciones simult\u00e1neas. Sin embargo, entre aquellos que son pobres en Montevideo, presentan una intensidad de la pobreza similar a la del interior del pa\u00eds.<\/p>\n","protected":false},"excerpt":{"rendered":"<p>24 DE ABRIL LA REPUBLICA El Instituto Nacional de Estad\u00edstica (INE) present\u00f3 los resultados del \u00cdndice de Pobreza Multidimensional (IPM) correspondientes a 2025. Esta medici\u00f3n, que complementa la tradicional estimaci\u00f3n de pobreza por ingresos, revela que el 18,7% de la poblaci\u00f3n del pa\u00eds se encuentra en situaci\u00f3n de pobreza multidimensional, lo que representa una disminuci\u00f3n &hellip; <a href=\"https:\/\/audec.edu.uy\/index.php\/2026\/04\/24\/482-de-la-poblacion-vive-en-un-hogar-donde-al-menos-uno-de-sus-miembros-tiene-carencias-de-escolarizacion\/\" class=\"more-link\">Continue reading<span class=\"screen-reader-text\"> \u00ab48,2% de la poblaci\u00f3n vive en un hogar donde al menos uno de sus miembros tiene carencias de escolarizaci\u00f3n\u00bb<\/span><\/a><\/p>\n","protected":false},"author":5,"featured_media":0,"comment_status":"closed","ping_status":"closed","sticky":false,"template":"","format":"standard","meta":{"_uag_custom_page_level_css":"","footnotes":""},"categories":[3],"tags":[],"class_list":["post-9006","post","type-post","status-publish","format-standard","hentry","category-7dias"],"uagb_featured_image_src":{"full":false,"thumbnail":false,"medium":false,"medium_large":false,"large":false,"1536x1536":false,"2048x2048":false,"post-thumbnail":false},"uagb_author_info":{"display_name":"Juan Pablo","author_link":"https:\/\/audec.edu.uy\/index.php\/author\/juan-pablo\/"},"uagb_comment_info":0,"uagb_excerpt":"24 DE ABRIL LA REPUBLICA El Instituto Nacional de Estad\u00edstica (INE) present\u00f3 los resultados del \u00cdndice de Pobreza Multidimensional (IPM) correspondientes a 2025. Esta medici\u00f3n, que complementa la tradicional estimaci\u00f3n de pobreza por ingresos, revela que el 18,7% de la poblaci\u00f3n del pa\u00eds se encuentra en situaci\u00f3n de pobreza multidimensional, lo que representa una disminuci\u00f3n&hellip;","_links":{"self":[{"href":"https:\/\/audec.edu.uy\/index.php\/wp-json\/wp\/v2\/posts\/9006","targetHints":{"allow":["GET"]}}],"collection":[{"href":"https:\/\/audec.edu.uy\/index.php\/wp-json\/wp\/v2\/posts"}],"about":[{"href":"https:\/\/audec.edu.uy\/index.php\/wp-json\/wp\/v2\/types\/post"}],"author":[{"embeddable":true,"href":"https:\/\/audec.edu.uy\/index.php\/wp-json\/wp\/v2\/users\/5"}],"replies":[{"embeddable":true,"href":"https:\/\/audec.edu.uy\/index.php\/wp-json\/wp\/v2\/comments?post=9006"}],"version-history":[{"count":1,"href":"https:\/\/audec.edu.uy\/index.php\/wp-json\/wp\/v2\/posts\/9006\/revisions"}],"predecessor-version":[{"id":9007,"href":"https:\/\/audec.edu.uy\/index.php\/wp-json\/wp\/v2\/posts\/9006\/revisions\/9007"}],"wp:attachment":[{"href":"https:\/\/audec.edu.uy\/index.php\/wp-json\/wp\/v2\/media?parent=9006"}],"wp:term":[{"taxonomy":"category","embeddable":true,"href":"https:\/\/audec.edu.uy\/index.php\/wp-json\/wp\/v2\/categories?post=9006"},{"taxonomy":"post_tag","embeddable":true,"href":"https:\/\/audec.edu.uy\/index.php\/wp-json\/wp\/v2\/tags?post=9006"}],"curies":[{"name":"wp","href":"https:\/\/api.w.org\/{rel}","templated":true}]}}