{"id":8993,"date":"2026-04-24T15:22:38","date_gmt":"2026-04-24T18:22:38","guid":{"rendered":"https:\/\/audec.edu.uy\/?p=8993"},"modified":"2026-04-24T15:22:38","modified_gmt":"2026-04-24T18:22:38","slug":"nodo-educativo-que-utec-instalara-en-canelones-se-ubicara-en-las-piedras-informo-legnani","status":"publish","type":"post","link":"https:\/\/audec.edu.uy\/index.php\/2026\/04\/24\/nodo-educativo-que-utec-instalara-en-canelones-se-ubicara-en-las-piedras-informo-legnani\/","title":{"rendered":"Nodo educativo que UTEC instalar\u00e1 en Canelones se ubicar\u00e1 en Las Piedras, inform\u00f3 Legnani"},"content":{"rendered":"\n<p>23 DE ABRIL<\/p>\n\n\n\n<p>LA DIARIA<\/p>\n\n\n\n<p>El intendente de Canelones, Francisco Legnani, anunci\u00f3 este martes que la Universidad Tecnol\u00f3gica (UTEC) se instalar\u00e1 en la ciudad de Las Piedras. El anuncio se dio en el marco del&nbsp;simposio \u201cInnovaci\u00f3n, creatividad y territorio\u201d, realizado en el Espacio D\u00ednamo de Atl\u00e1ntida.<\/p>\n\n\n\n<p>El jerarca explic\u00f3 que ser\u00e1 un primer paso de la instituci\u00f3n universitaria en el departamento, pero, de todas formas, consider\u00f3 que la instalaci\u00f3n de la UTEC es un paso estrat\u00e9gico. M\u00e1s all\u00e1 de que, a partir del compromiso de la universidad de comenzar a desarrollar su presencia en el departamento, se estuvieron evaluando diferentes ubicaciones, dijo que finalmente la instituci\u00f3n se instalar\u00e1 en Las Piedras, ya que ello permitir\u00eda comenzar a trabajar m\u00e1s r\u00e1pidamente. Concretamente, se\u00f1al\u00f3 que se aspira a que la instalaci\u00f3n pueda concretarse el 2 de junio.<\/p>\n\n\n\n<p>Fuentes de la UTEC consultadas por&nbsp;la diaria&nbsp;confirmaron que la universidad tiene el compromiso de instalar en Canelones un nodo educativo, que consiste en la forma de organizaci\u00f3n m\u00e1s peque\u00f1a de la instituci\u00f3n, que tambi\u00e9n prev\u00e9 instalar nodos en otros departamentos. Seg\u00fan dijeron desde el organismo, se trata de un espacio pensado para establecer v\u00ednculos a nivel local, que parte de distintos tipos de alianzas con actores que est\u00e9n en territorio. \u201cEl trabajo consiste en articular con actores locales, alianzas con instituciones internacionales, y utilizar infraestructura provista por socios institucionales y tambi\u00e9n establecer prioridades de trabajo\u201d, dijeron desde la UTEC.<\/p>\n\n\n\n<p>Desde la instituci\u00f3n se\u00f1alaron que el nodo que se instalar\u00e1 en Canelones apuntar\u00e1 a ampliar la cobertura territorial de la UTEC y ofrecer\u00e1 actividades de educaci\u00f3n continua, con propuestas cortas que no son las licenciaturas e ingenier\u00edas que ofrece la universidad. Adem\u00e1s, se buscar\u00e1 colaborar con los ecosistemas locales de innovaci\u00f3n y generaci\u00f3n de emprendimientos, al mismo tiempo que reducir barreras de acceso a la educaci\u00f3n superior tecnol\u00f3gica y brindar orientaci\u00f3n acad\u00e9mica a partir de las propuestas educativas de la UTEC.<\/p>\n\n\n\n<p>La iniciativa&nbsp;hab\u00eda sido planteada durante la discusi\u00f3n presupuestal por el senador del MPP Sebasti\u00e1n Sabini, quien durante a\u00f1os se desempe\u00f1\u00f3 como diputado electo por Canelones. Seg\u00fan argument\u00f3 el senador en su momento, en dicho departamento 43% de las personas de entre 17 y 25 a\u00f1os que estudian viajan todos los d\u00edas, por lo que \u201cno hay que ser del interior profundo para tener problemas de acceso a la educaci\u00f3n universitaria\u201d, seg\u00fan consider\u00f3. Por ello, entendi\u00f3 que la presencia de la UTEC en el departamento ser\u00eda clave para acercar la educaci\u00f3n a las personas j\u00f3venes.<\/p>\n","protected":false},"excerpt":{"rendered":"<p>23 DE ABRIL LA DIARIA El intendente de Canelones, Francisco Legnani, anunci\u00f3 este martes que la Universidad Tecnol\u00f3gica (UTEC) se instalar\u00e1 en la ciudad de Las Piedras. El anuncio se dio en el marco del&nbsp;simposio \u201cInnovaci\u00f3n, creatividad y territorio\u201d, realizado en el Espacio D\u00ednamo de Atl\u00e1ntida. El jerarca explic\u00f3 que ser\u00e1 un primer paso de &hellip; <a href=\"https:\/\/audec.edu.uy\/index.php\/2026\/04\/24\/nodo-educativo-que-utec-instalara-en-canelones-se-ubicara-en-las-piedras-informo-legnani\/\" class=\"more-link\">Continue reading<span class=\"screen-reader-text\"> \u00abNodo educativo que UTEC instalar\u00e1 en Canelones se ubicar\u00e1 en Las Piedras, inform\u00f3 Legnani\u00bb<\/span><\/a><\/p>\n","protected":false},"author":5,"featured_media":0,"comment_status":"closed","ping_status":"closed","sticky":false,"template":"","format":"standard","meta":{"_uag_custom_page_level_css":"","footnotes":""},"categories":[3],"tags":[],"class_list":["post-8993","post","type-post","status-publish","format-standard","hentry","category-7dias"],"uagb_featured_image_src":{"full":false,"thumbnail":false,"medium":false,"medium_large":false,"large":false,"1536x1536":false,"2048x2048":false,"post-thumbnail":false},"uagb_author_info":{"display_name":"Juan Pablo","author_link":"https:\/\/audec.edu.uy\/index.php\/author\/juan-pablo\/"},"uagb_comment_info":0,"uagb_excerpt":"23 DE ABRIL LA DIARIA El intendente de Canelones, Francisco Legnani, anunci\u00f3 este martes que la Universidad Tecnol\u00f3gica (UTEC) se instalar\u00e1 en la ciudad de Las Piedras. El anuncio se dio en el marco del&nbsp;simposio \u201cInnovaci\u00f3n, creatividad y territorio\u201d, realizado en el Espacio D\u00ednamo de Atl\u00e1ntida. El jerarca explic\u00f3 que ser\u00e1 un primer paso de&hellip;","_links":{"self":[{"href":"https:\/\/audec.edu.uy\/index.php\/wp-json\/wp\/v2\/posts\/8993","targetHints":{"allow":["GET"]}}],"collection":[{"href":"https:\/\/audec.edu.uy\/index.php\/wp-json\/wp\/v2\/posts"}],"about":[{"href":"https:\/\/audec.edu.uy\/index.php\/wp-json\/wp\/v2\/types\/post"}],"author":[{"embeddable":true,"href":"https:\/\/audec.edu.uy\/index.php\/wp-json\/wp\/v2\/users\/5"}],"replies":[{"embeddable":true,"href":"https:\/\/audec.edu.uy\/index.php\/wp-json\/wp\/v2\/comments?post=8993"}],"version-history":[{"count":1,"href":"https:\/\/audec.edu.uy\/index.php\/wp-json\/wp\/v2\/posts\/8993\/revisions"}],"predecessor-version":[{"id":8994,"href":"https:\/\/audec.edu.uy\/index.php\/wp-json\/wp\/v2\/posts\/8993\/revisions\/8994"}],"wp:attachment":[{"href":"https:\/\/audec.edu.uy\/index.php\/wp-json\/wp\/v2\/media?parent=8993"}],"wp:term":[{"taxonomy":"category","embeddable":true,"href":"https:\/\/audec.edu.uy\/index.php\/wp-json\/wp\/v2\/categories?post=8993"},{"taxonomy":"post_tag","embeddable":true,"href":"https:\/\/audec.edu.uy\/index.php\/wp-json\/wp\/v2\/tags?post=8993"}],"curies":[{"name":"wp","href":"https:\/\/api.w.org\/{rel}","templated":true}]}}