{"id":8979,"date":"2026-04-24T15:22:56","date_gmt":"2026-04-24T18:22:56","guid":{"rendered":"https:\/\/audec.edu.uy\/?p=8979"},"modified":"2026-04-24T15:22:56","modified_gmt":"2026-04-24T18:22:56","slug":"anep-informo-que-se-volveran-a-contabilizar-inasistencias-tras-varios-dias-de-amenazas-de-tiroteos-en-liceos-y-utu","status":"publish","type":"post","link":"https:\/\/audec.edu.uy\/index.php\/2026\/04\/24\/anep-informo-que-se-volveran-a-contabilizar-inasistencias-tras-varios-dias-de-amenazas-de-tiroteos-en-liceos-y-utu\/","title":{"rendered":"ANEP inform\u00f3 que se volver\u00e1n a contabilizar inasistencias tras varios d\u00edas de amenazas de tiroteos en liceos y UTU"},"content":{"rendered":"\n<p>22 DE ABRIL<\/p>\n\n\n\n<p>LA DIARIA<\/p>\n\n\n\n<p>Despu\u00e9s de&nbsp;varios d\u00edas de amenazas de tiroteos en centros de educaci\u00f3n media, el Consejo Directivo Central (Codicen) de la Administraci\u00f3n Nacional de Educaci\u00f3n P\u00fablica (ANEP) defini\u00f3 este martes que se pase lista y se contabilicen las inasistencias a partir del mi\u00e9rcoles. Hasta ahora, cuando se registraba una amenaza, se realizaba un control de asistencia, pero no se computaban las faltas, de forma de habilitar a cada familia a definir si enviaban o no a los adolescentes al liceo o la UTU.<\/p>\n\n\n\n<p>Seg\u00fan inform\u00f3 el organismo en un comunicado, se seguir\u00e1n abordando este tipo de amenazas en conjunto con el Ministerio del Interior y en di\u00e1logo con las familias y las comunidades educativas, como hasta ahora. Precisamente, el Codicen entendi\u00f3 que, despu\u00e9s de todo el trabajo desplegado en los \u00faltimos d\u00edas y de forma de garantizar el derecho a la educaci\u00f3n de los estudiantes, existen condiciones para retomar la vida normal de los centros educativos.<\/p>\n\n\n\n<p>\u201cPropiciar la asistencia de los y las estudiantes es una tarea de primer orden porque cada d\u00eda en el aula cuenta en t\u00e9rminos de aprendizaje, pero tambi\u00e9n en relaci\u00f3n a la contenci\u00f3n, seguridad y confianza de ni\u00f1os, ni\u00f1as, adolescentes y j\u00f3venes. Esto es a\u00fan m\u00e1s determinante para quienes est\u00e1n en peores condiciones vitales\u201d, concluye el comunicado del Codicen.<\/p>\n","protected":false},"excerpt":{"rendered":"<p>22 DE ABRIL LA DIARIA Despu\u00e9s de&nbsp;varios d\u00edas de amenazas de tiroteos en centros de educaci\u00f3n media, el Consejo Directivo Central (Codicen) de la Administraci\u00f3n Nacional de Educaci\u00f3n P\u00fablica (ANEP) defini\u00f3 este martes que se pase lista y se contabilicen las inasistencias a partir del mi\u00e9rcoles. Hasta ahora, cuando se registraba una amenaza, se realizaba &hellip; <a href=\"https:\/\/audec.edu.uy\/index.php\/2026\/04\/24\/anep-informo-que-se-volveran-a-contabilizar-inasistencias-tras-varios-dias-de-amenazas-de-tiroteos-en-liceos-y-utu\/\" class=\"more-link\">Continue reading<span class=\"screen-reader-text\"> \u00abANEP inform\u00f3 que se volver\u00e1n a contabilizar inasistencias tras varios d\u00edas de amenazas de tiroteos en liceos y UTU\u00bb<\/span><\/a><\/p>\n","protected":false},"author":5,"featured_media":0,"comment_status":"closed","ping_status":"closed","sticky":false,"template":"","format":"standard","meta":{"_uag_custom_page_level_css":"","footnotes":""},"categories":[3],"tags":[],"class_list":["post-8979","post","type-post","status-publish","format-standard","hentry","category-7dias"],"uagb_featured_image_src":{"full":false,"thumbnail":false,"medium":false,"medium_large":false,"large":false,"1536x1536":false,"2048x2048":false,"post-thumbnail":false},"uagb_author_info":{"display_name":"Juan Pablo","author_link":"https:\/\/audec.edu.uy\/index.php\/author\/juan-pablo\/"},"uagb_comment_info":0,"uagb_excerpt":"22 DE ABRIL LA DIARIA Despu\u00e9s de&nbsp;varios d\u00edas de amenazas de tiroteos en centros de educaci\u00f3n media, el Consejo Directivo Central (Codicen) de la Administraci\u00f3n Nacional de Educaci\u00f3n P\u00fablica (ANEP) defini\u00f3 este martes que se pase lista y se contabilicen las inasistencias a partir del mi\u00e9rcoles. Hasta ahora, cuando se registraba una amenaza, se realizaba&hellip;","_links":{"self":[{"href":"https:\/\/audec.edu.uy\/index.php\/wp-json\/wp\/v2\/posts\/8979","targetHints":{"allow":["GET"]}}],"collection":[{"href":"https:\/\/audec.edu.uy\/index.php\/wp-json\/wp\/v2\/posts"}],"about":[{"href":"https:\/\/audec.edu.uy\/index.php\/wp-json\/wp\/v2\/types\/post"}],"author":[{"embeddable":true,"href":"https:\/\/audec.edu.uy\/index.php\/wp-json\/wp\/v2\/users\/5"}],"replies":[{"embeddable":true,"href":"https:\/\/audec.edu.uy\/index.php\/wp-json\/wp\/v2\/comments?post=8979"}],"version-history":[{"count":1,"href":"https:\/\/audec.edu.uy\/index.php\/wp-json\/wp\/v2\/posts\/8979\/revisions"}],"predecessor-version":[{"id":8980,"href":"https:\/\/audec.edu.uy\/index.php\/wp-json\/wp\/v2\/posts\/8979\/revisions\/8980"}],"wp:attachment":[{"href":"https:\/\/audec.edu.uy\/index.php\/wp-json\/wp\/v2\/media?parent=8979"}],"wp:term":[{"taxonomy":"category","embeddable":true,"href":"https:\/\/audec.edu.uy\/index.php\/wp-json\/wp\/v2\/categories?post=8979"},{"taxonomy":"post_tag","embeddable":true,"href":"https:\/\/audec.edu.uy\/index.php\/wp-json\/wp\/v2\/tags?post=8979"}],"curies":[{"name":"wp","href":"https:\/\/api.w.org\/{rel}","templated":true}]}}