{"id":8965,"date":"2026-04-24T15:24:05","date_gmt":"2026-04-24T18:24:05","guid":{"rendered":"https:\/\/audec.edu.uy\/?p=8965"},"modified":"2026-04-24T15:24:05","modified_gmt":"2026-04-24T18:24:05","slug":"utu-e-inr-firmaron-convenio-para-fortalecer-capacitacion-de-tecnicos-agentes-penitenciarios-y-personal-docente","status":"publish","type":"post","link":"https:\/\/audec.edu.uy\/index.php\/2026\/04\/24\/utu-e-inr-firmaron-convenio-para-fortalecer-capacitacion-de-tecnicos-agentes-penitenciarios-y-personal-docente\/","title":{"rendered":"UTU e INR firmaron convenio para fortalecer capacitaci\u00f3n de t\u00e9cnicos, agentes penitenciarios y personal docente"},"content":{"rendered":"\n<p>21 DE ABRIL<\/p>\n\n\n\n<p>LA DIARIA<\/p>\n\n\n\n<p>En la ma\u00f1ana de este lunes se firm\u00f3 un convenio entre la Direcci\u00f3n General de Educaci\u00f3n T\u00e9cnico Profesional (DGETP) y el Instituto Nacional de Rehabilitaci\u00f3n (INR) con el fin de fortalecer la capacitaci\u00f3n de los funcionarios del instituto, lo que se espera que impacte, a su vez, en una mejora del trato con las personas privadas de libertad.<\/p>\n\n\n\n<p>Seg\u00fan explic\u00f3 durante la jornada Virginia Verderese, directora de la DGETP, el convenio est\u00e1 dirigido puntualmente a la capacitaci\u00f3n de funcionarios penitenciarios y a los docentes de UTU que trabajan con poblaci\u00f3n privada de libertad. A su vez, aclar\u00f3 que el acuerdo implica una l\u00ednea de \u201cformaci\u00f3n permanente\u201d que permitir\u00e1 \u201cmejores aprendizajes\u201d.<\/p>\n\n\n\n<p>Por su parte, Ana Juanche, directora del INR, se\u00f1al\u00f3 en una rueda de prensa a continuaci\u00f3n de la firma que este convenio es \u201cun hito\u201d para la pol\u00edtica de coordinaci\u00f3n interinstitucional. Adem\u00e1s, consider\u00f3 que se trata de un acuerdo \u201csumamente importante\u201d para ambas instituciones, ya que favorecer\u00e1 a la profesionalizaci\u00f3n de los funcionarios del organismo.<\/p>\n\n\n\n<p>Por otro lado, Juanche se\u00f1al\u00f3 que el convenio tambi\u00e9n impacta en la gesti\u00f3n del Centro de Formaci\u00f3n Penitenciaria (Cefopen), el organismo responsable de la capacitaci\u00f3n del personal que se desempe\u00f1a en el sistema penitenciario, y asegur\u00f3 que la perspectiva \u201cintegral\u201d de la formaci\u00f3n asegurar\u00e1 una \u201cmejora\u201d en esa \u00e1rea.<\/p>\n\n\n\n<p>Se prev\u00e9 que este acuerdo alcance a m\u00e1s de 1.000 funcionarios, entre los cuales se incluyen agentes penitenciarios, operadores y t\u00e9cnicos. A su vez, el convenio facilitar\u00e1 la culminaci\u00f3n de ciclos de educaci\u00f3n media b\u00e1sica y educaci\u00f3n media superior de estos funcionarios, y proporcionar\u00e1 un mejor funcionamiento del sistema de informaci\u00f3n que ofrece Cefopen mediante el sistema de bedel\u00eda que brinda la DGETP. Esto \u00faltimo permitir\u00e1 una \u201cgesti\u00f3n eficiente\u201d de los estudiantes y los docentes \u201cen tiempo real y con trazabilidad\u201d, seg\u00fan indic\u00f3 Juanche.<\/p>\n\n\n\n<p>A su vez, la jerarca del INR se\u00f1al\u00f3 que el convenio incluir\u00e1 una formaci\u00f3n con \u201cpropuestas modernas y de mejora continua\u201d, lo que impactar\u00e1 directamente en mejores posibilidades y perspectivas de \u201creinserci\u00f3n y rehabilitaci\u00f3n\u201d para las personas en situaci\u00f3n de reclusi\u00f3n.<\/p>\n","protected":false},"excerpt":{"rendered":"<p>21 DE ABRIL LA DIARIA En la ma\u00f1ana de este lunes se firm\u00f3 un convenio entre la Direcci\u00f3n General de Educaci\u00f3n T\u00e9cnico Profesional (DGETP) y el Instituto Nacional de Rehabilitaci\u00f3n (INR) con el fin de fortalecer la capacitaci\u00f3n de los funcionarios del instituto, lo que se espera que impacte, a su vez, en una mejora &hellip; <a href=\"https:\/\/audec.edu.uy\/index.php\/2026\/04\/24\/utu-e-inr-firmaron-convenio-para-fortalecer-capacitacion-de-tecnicos-agentes-penitenciarios-y-personal-docente\/\" class=\"more-link\">Continue reading<span class=\"screen-reader-text\"> \u00abUTU e INR firmaron convenio para fortalecer capacitaci\u00f3n de t\u00e9cnicos, agentes penitenciarios y personal docente\u00bb<\/span><\/a><\/p>\n","protected":false},"author":5,"featured_media":0,"comment_status":"closed","ping_status":"closed","sticky":false,"template":"","format":"standard","meta":{"_uag_custom_page_level_css":"","footnotes":""},"categories":[3],"tags":[],"class_list":["post-8965","post","type-post","status-publish","format-standard","hentry","category-7dias"],"uagb_featured_image_src":{"full":false,"thumbnail":false,"medium":false,"medium_large":false,"large":false,"1536x1536":false,"2048x2048":false,"post-thumbnail":false},"uagb_author_info":{"display_name":"Juan Pablo","author_link":"https:\/\/audec.edu.uy\/index.php\/author\/juan-pablo\/"},"uagb_comment_info":0,"uagb_excerpt":"21 DE ABRIL LA DIARIA En la ma\u00f1ana de este lunes se firm\u00f3 un convenio entre la Direcci\u00f3n General de Educaci\u00f3n T\u00e9cnico Profesional (DGETP) y el Instituto Nacional de Rehabilitaci\u00f3n (INR) con el fin de fortalecer la capacitaci\u00f3n de los funcionarios del instituto, lo que se espera que impacte, a su vez, en una mejora&hellip;","_links":{"self":[{"href":"https:\/\/audec.edu.uy\/index.php\/wp-json\/wp\/v2\/posts\/8965","targetHints":{"allow":["GET"]}}],"collection":[{"href":"https:\/\/audec.edu.uy\/index.php\/wp-json\/wp\/v2\/posts"}],"about":[{"href":"https:\/\/audec.edu.uy\/index.php\/wp-json\/wp\/v2\/types\/post"}],"author":[{"embeddable":true,"href":"https:\/\/audec.edu.uy\/index.php\/wp-json\/wp\/v2\/users\/5"}],"replies":[{"embeddable":true,"href":"https:\/\/audec.edu.uy\/index.php\/wp-json\/wp\/v2\/comments?post=8965"}],"version-history":[{"count":1,"href":"https:\/\/audec.edu.uy\/index.php\/wp-json\/wp\/v2\/posts\/8965\/revisions"}],"predecessor-version":[{"id":8966,"href":"https:\/\/audec.edu.uy\/index.php\/wp-json\/wp\/v2\/posts\/8965\/revisions\/8966"}],"wp:attachment":[{"href":"https:\/\/audec.edu.uy\/index.php\/wp-json\/wp\/v2\/media?parent=8965"}],"wp:term":[{"taxonomy":"category","embeddable":true,"href":"https:\/\/audec.edu.uy\/index.php\/wp-json\/wp\/v2\/categories?post=8965"},{"taxonomy":"post_tag","embeddable":true,"href":"https:\/\/audec.edu.uy\/index.php\/wp-json\/wp\/v2\/tags?post=8965"}],"curies":[{"name":"wp","href":"https:\/\/api.w.org\/{rel}","templated":true}]}}