{"id":8846,"date":"2026-04-10T17:20:55","date_gmt":"2026-04-10T20:20:55","guid":{"rendered":"https:\/\/audec.edu.uy\/?p=8846"},"modified":"2026-04-10T17:20:55","modified_gmt":"2026-04-10T20:20:55","slug":"se-abrio-convocatoria-para-participar-en-libro-colectivo-sobre-el-80-aniversario-de-las-misiones-sociopedagogicas","status":"publish","type":"post","link":"https:\/\/audec.edu.uy\/index.php\/2026\/04\/10\/se-abrio-convocatoria-para-participar-en-libro-colectivo-sobre-el-80-aniversario-de-las-misiones-sociopedagogicas\/","title":{"rendered":"Se abri\u00f3 convocatoria para participar en libro colectivo sobre el 80\u00b0 aniversario de las misiones sociopedag\u00f3gicas"},"content":{"rendered":"\n<p>9 DE ABRIL<\/p>\n\n\n\n<p>LA DIARIA<\/p>\n\n\n\n<p>El Ministerio de Educaci\u00f3n y Cultura (MEC) abri\u00f3 la convocatoria para la elaboraci\u00f3n de un libro colectivo que reunir\u00e1 producciones presentadas durante las actividades realizadas a lo largo de 2025 en el marco de los 80 a\u00f1os de las misiones sociopedag\u00f3gicas, con el t\u00edtulo&nbsp;80 aniversario: misiones sociopedag\u00f3gicas de Uruguay.<\/p>\n\n\n\n<p>La propuesta apunta a reunir diferentes ponencias presentadas de forma individual o colectiva en las mesas de debate y exposici\u00f3n durante las actividades realizadas en conmemoraci\u00f3n del aniversario en distintos puntos del pa\u00eds como Tacuaremb\u00f3, Cerro Largo, Canelones, Flores y Montevideo.<\/p>\n\n\n\n<p>Durante esas instancias se invit\u00f3 a estudiantes, docentes, investigadores y personas interesadas en la tem\u00e1tica a participar en actividades de intercambio sobre pedagog\u00eda nacional desde una perspectiva hist\u00f3rica, documental, testimonial y con anclaje hacia una Universidad de la Educaci\u00f3n. Las actividades tuvieron su cierre en Montevideo en noviembre del a\u00f1o pasado.<\/p>\n\n\n\n<p>De esa forma, 2025 permiti\u00f3 generar espacios para la conmemoraci\u00f3n de estas misiones,&nbsp;iniciadas en julio de 1945 en Caraguat\u00e1, Tacuaremb\u00f3, y que posteriormente se extendieron en nuevas ediciones hasta 1971, en donde se realizaron intervenciones educativas con el fin de conocer y denunciar la situaci\u00f3n del Uruguay rural gracias a la iniciativa de estudiantes de magisterio de ese entonces.<\/p>\n\n\n\n<p>A partir de este hecho, fue durante el a\u00f1o pasado que tambi\u00e9n se propuso que el pr\u00f3ximo&nbsp;Congreso Nacional de Educaci\u00f3n \u2013previsto para este a\u00f1o\u2013 lleve el nombre Misiones Sociopedag\u00f3gicas, como finalmente ocurrir\u00e1.<\/p>\n\n\n\n<p>La convocatoria para formar parte de esta publicaci\u00f3n cuenta con el apoyo de otros organismos vinculados a las pr\u00e1cticas educativas, como la Administraci\u00f3n Nacional de Educaci\u00f3n P\u00fablica, la Facultad de Humanidades y Ciencias de la Educaci\u00f3n de la Universidad de la Rep\u00fablica, la Federaci\u00f3n Uruguaya de Magisterio \u2013 Trabajadores de la Educaci\u00f3n Primaria, la Asociaci\u00f3n de Amigos de los Institutos Normales y la Sociedad Uruguaya de Historia de la Educaci\u00f3n.<\/p>\n\n\n\n<p>El plazo para participar en la convocatoria se encuentra vigente y se extender\u00e1 hasta el 30 de abril. A su vez, el MEC comparti\u00f3 un correo electr\u00f3nico de contacto para consultas sobre las caracter\u00edsticas de los materiales a enviar:&nbsp;<a href=\"mailto:misiones.sociopedagogicas@mec.gub.uy\">misiones.sociopedagogicas@mec.gub.uy<\/a>.<\/p>\n","protected":false},"excerpt":{"rendered":"<p>9 DE ABRIL LA DIARIA El Ministerio de Educaci\u00f3n y Cultura (MEC) abri\u00f3 la convocatoria para la elaboraci\u00f3n de un libro colectivo que reunir\u00e1 producciones presentadas durante las actividades realizadas a lo largo de 2025 en el marco de los 80 a\u00f1os de las misiones sociopedag\u00f3gicas, con el t\u00edtulo&nbsp;80 aniversario: misiones sociopedag\u00f3gicas de Uruguay. La &hellip; <a href=\"https:\/\/audec.edu.uy\/index.php\/2026\/04\/10\/se-abrio-convocatoria-para-participar-en-libro-colectivo-sobre-el-80-aniversario-de-las-misiones-sociopedagogicas\/\" class=\"more-link\">Continue reading<span class=\"screen-reader-text\"> \u00abSe abri\u00f3 convocatoria para participar en libro colectivo sobre el 80\u00b0 aniversario de las misiones sociopedag\u00f3gicas\u00bb<\/span><\/a><\/p>\n","protected":false},"author":5,"featured_media":0,"comment_status":"closed","ping_status":"closed","sticky":false,"template":"","format":"standard","meta":{"_uag_custom_page_level_css":"","footnotes":""},"categories":[3],"tags":[],"class_list":["post-8846","post","type-post","status-publish","format-standard","hentry","category-7dias"],"uagb_featured_image_src":{"full":false,"thumbnail":false,"medium":false,"medium_large":false,"large":false,"1536x1536":false,"2048x2048":false,"post-thumbnail":false},"uagb_author_info":{"display_name":"Juan Pablo","author_link":"https:\/\/audec.edu.uy\/index.php\/author\/juan-pablo\/"},"uagb_comment_info":0,"uagb_excerpt":"9 DE ABRIL LA DIARIA El Ministerio de Educaci\u00f3n y Cultura (MEC) abri\u00f3 la convocatoria para la elaboraci\u00f3n de un libro colectivo que reunir\u00e1 producciones presentadas durante las actividades realizadas a lo largo de 2025 en el marco de los 80 a\u00f1os de las misiones sociopedag\u00f3gicas, con el t\u00edtulo&nbsp;80 aniversario: misiones sociopedag\u00f3gicas de Uruguay. La&hellip;","_links":{"self":[{"href":"https:\/\/audec.edu.uy\/index.php\/wp-json\/wp\/v2\/posts\/8846","targetHints":{"allow":["GET"]}}],"collection":[{"href":"https:\/\/audec.edu.uy\/index.php\/wp-json\/wp\/v2\/posts"}],"about":[{"href":"https:\/\/audec.edu.uy\/index.php\/wp-json\/wp\/v2\/types\/post"}],"author":[{"embeddable":true,"href":"https:\/\/audec.edu.uy\/index.php\/wp-json\/wp\/v2\/users\/5"}],"replies":[{"embeddable":true,"href":"https:\/\/audec.edu.uy\/index.php\/wp-json\/wp\/v2\/comments?post=8846"}],"version-history":[{"count":1,"href":"https:\/\/audec.edu.uy\/index.php\/wp-json\/wp\/v2\/posts\/8846\/revisions"}],"predecessor-version":[{"id":8847,"href":"https:\/\/audec.edu.uy\/index.php\/wp-json\/wp\/v2\/posts\/8846\/revisions\/8847"}],"wp:attachment":[{"href":"https:\/\/audec.edu.uy\/index.php\/wp-json\/wp\/v2\/media?parent=8846"}],"wp:term":[{"taxonomy":"category","embeddable":true,"href":"https:\/\/audec.edu.uy\/index.php\/wp-json\/wp\/v2\/categories?post=8846"},{"taxonomy":"post_tag","embeddable":true,"href":"https:\/\/audec.edu.uy\/index.php\/wp-json\/wp\/v2\/tags?post=8846"}],"curies":[{"name":"wp","href":"https:\/\/api.w.org\/{rel}","templated":true}]}}