{"id":8840,"date":"2026-04-10T17:19:52","date_gmt":"2026-04-10T20:19:52","guid":{"rendered":"https:\/\/audec.edu.uy\/?p=8840"},"modified":"2026-04-10T17:19:52","modified_gmt":"2026-04-10T20:19:52","slug":"se-inauguro-tumo-en-uruguay-un-centro-pensado-para-el-aprendizaje-de-tecnologias-creativas","status":"publish","type":"post","link":"https:\/\/audec.edu.uy\/index.php\/2026\/04\/10\/se-inauguro-tumo-en-uruguay-un-centro-pensado-para-el-aprendizaje-de-tecnologias-creativas\/","title":{"rendered":"Se inaugur\u00f3 TUMO en Uruguay: un centro pensado para el aprendizaje de tecnolog\u00edas creativas"},"content":{"rendered":"\n<p>9 DE ABRIL<\/p>\n\n\n\n<p>LA DIARIA<\/p>\n\n\n\n<p><strong>Por Luc\u00eda Lahourguette&nbsp;<\/strong><\/p>\n\n\n\n<p>Este mi\u00e9rcoles se inaugur\u00f3 el primer centro TUMO en Uruguay, ubicado en el predio del aeropuerto de Carrasco. El espacio, equipado con tecnolog\u00eda avanzada, ofrecer\u00e1 a adolescentes de entre 12 y 18 a\u00f1os un \u00e1mbito educativo para aprender y experimentar con nuevas disciplinas vinculadas no solo a la tecnolog\u00eda, sino tambi\u00e9n al cine y la m\u00fasica.<\/p>\n\n\n\n<p>Con casi 5.000 inscriptos, esta propuesta, pensada para desarrollarse de forma paralela a la educaci\u00f3n formal, recibir\u00e1 a sus primeros 1.000 estudiantes el pr\u00f3ximo lunes, aunque la directora de TUMO en Uruguay, Carolina Guti\u00e9rrez, expres\u00f3 durante la jornada que la idea del proyecto es \u201cconsolidar el modelo de a poco y seguir incorporando alumnos durante todo el a\u00f1o\u201d.<\/p>\n\n\n\n<p>La inauguraci\u00f3n del espacio cont\u00f3 con la presencia de autoridades locales, departamentales y nacionales, entre ellas el presidente de la Rep\u00fablica, Yamand\u00fa Orsi, el intendente de Canelones, Francisco Legnani, y referentes del \u00e1mbito educativo como el ministro de Educaci\u00f3n y Cultura, Jos\u00e9 Carlos Mah\u00eda, y el director de Educaci\u00f3n, Gabriel Quirici. Asimismo, participaron el embajador de Estados Unidos en Uruguay, Lou Rinaldi, y el director de TUMO internacional, Chris Shahinian.<\/p>\n\n\n\n<p>TUMO existe desde 2011 y tiene su sede principal en Armenia, a la que se suman otras en Portugal, Jap\u00f3n, Alemania, Francia y Estados Unidos, aunque a nivel regional el centro m\u00e1s pr\u00f3ximo se ubica en Argentina, Buenos Aires. Este proyecto fue tra\u00eddo a Uruguay por la Corporaci\u00f3n Am\u00e9rica Airports, a trav\u00e9s de Aeropuertos Uruguay y en alianza con Ceibal.<\/p>\n\n\n\n<p>La inversi\u00f3n en este espacio fue realizada por la Corporaci\u00f3n Am\u00e9rica Airports y cost\u00f3 diez millones de d\u00f3lares, seg\u00fan explic\u00f3 Guti\u00e9rrez en una rueda de prensa. El espacio cuenta con m\u00e1s de 2.500 metros cuadrados y equipamiento de \u00faltima generaci\u00f3n, que incluye, por ejemplo, computadoras, una sala especialmente equipada para m\u00fasica y otra para rob\u00f3tica.<\/p>\n\n\n\n<p>\u201cTUMO representa una oportunidad muy valiosa para el pa\u00eds\u201d, dijo Fiorella Haim, presidenta de Ceibal, quien tambi\u00e9n estuvo presente en la inauguraci\u00f3n. Agreg\u00f3 que este centro es un espacio \u201cgratuito, estimulante y de alta calidad\u201d, que ofrece aprendizajes sobre programaci\u00f3n, animaci\u00f3n, rob\u00f3tica, m\u00fasica, cine, dise\u00f1o, desarrollo de videojuegos e inteligencia artificial.<\/p>\n\n\n\n<p>Haim tambi\u00e9n sostuvo que la apertura de este centro en el pa\u00eds es la se\u00f1al de que \u201cse sigue apostando por los j\u00f3venes\u201d y de que el pa\u00eds entiende que \u201cla innovaci\u00f3n educativa requiere visi\u00f3n de largo plazo, cooperaci\u00f3n y compromiso\u201d.<\/p>\n\n\n\n<p>Por otro lado, al ser consultada al respecto en una rueda de prensa, Haim respondi\u00f3 que el principal prop\u00f3sito de la alianza entre Ceibal y TUMO Uruguay es que j\u00f3venes de todo el pa\u00eds, en este caso principalmente de Canelones y Montevideo, puedan tener acceso a programas de calidad en la utilizaci\u00f3n de herramientas tecnol\u00f3gicas para distintos fines, como las industrias creativas, educaci\u00f3n, m\u00fasica, programaci\u00f3n, rob\u00f3tica e inteligencia artificial.<\/p>\n\n\n\n<p>A su vez, explic\u00f3 que Ceibal se encarga de aportar los tutores que acompa\u00f1ar\u00e1n a los estudiantes en los distintos programas del centro, y aclar\u00f3 que su contribuci\u00f3n se basa en \u201cla experiencia en el acompa\u00f1amiento de los procesos de incorporaci\u00f3n de tecnolog\u00eda en la educaci\u00f3n\u201d.<\/p>\n\n\n\n<p><strong>\u00bfC\u00f3mo se selecciona a los estudiantes y cu\u00e1l es la forma de ense\u00f1anza?<\/strong><\/p>\n\n\n\n<p>Guti\u00e9rrez explic\u00f3 que para la selecci\u00f3n de los estudiantes que participar\u00e1n en este inicio de cursos se trat\u00f3 de que los grupos \u201cfueran lo m\u00e1s diversos posibles\u201d. Para eso se tuvo en cuenta la diversidad de g\u00e9nero, la procedencia de los estudiantes de diferentes tipos de instituciones educativas \u2013p\u00fablicas y privadas\u2013 y el contexto socioecon\u00f3mico del que provienen.<\/p>\n\n\n\n<p>Por otro lado, el modelo educativo de TUMO se basa en el autoaprendizaje y utiliza una plataforma que gu\u00eda de forma personalizada a cada estudiante, llamada TUMO Path. \u201cEste programa no tiene evaluaciones, no requiere conocimientos previos y tampoco tiene una fecha de inicio \u2013puntual\u2013\u201d, explic\u00f3 la directora del centro en Uruguay. Agreg\u00f3 que \u201clos cursos no tienen una duraci\u00f3n espec\u00edfica y dependen exclusivamente de la motivaci\u00f3n de cada estudiante\u201d.<\/p>\n\n\n\n<p>Los seleccionados para participar en esta primera instancia tendr\u00e1n una carga horaria de cuatro horas semanales y deber\u00e1n acudir dos veces por semana. A su vez, podr\u00e1n optar por hasta tres disciplinas en las que formarse, con la posibilidad de elegir otras m\u00e1s adelante. En el caso de que el estudiante falte injustificadamente durante tres semanas consecutivas se suspender\u00e1 su acceso a las actividades.<\/p>\n","protected":false},"excerpt":{"rendered":"<p>9 DE ABRIL LA DIARIA Por Luc\u00eda Lahourguette&nbsp; Este mi\u00e9rcoles se inaugur\u00f3 el primer centro TUMO en Uruguay, ubicado en el predio del aeropuerto de Carrasco. El espacio, equipado con tecnolog\u00eda avanzada, ofrecer\u00e1 a adolescentes de entre 12 y 18 a\u00f1os un \u00e1mbito educativo para aprender y experimentar con nuevas disciplinas vinculadas no solo a &hellip; <a href=\"https:\/\/audec.edu.uy\/index.php\/2026\/04\/10\/se-inauguro-tumo-en-uruguay-un-centro-pensado-para-el-aprendizaje-de-tecnologias-creativas\/\" class=\"more-link\">Continue reading<span class=\"screen-reader-text\"> \u00abSe inaugur\u00f3 TUMO en Uruguay: un centro pensado para el aprendizaje de tecnolog\u00edas creativas\u00bb<\/span><\/a><\/p>\n","protected":false},"author":5,"featured_media":0,"comment_status":"closed","ping_status":"closed","sticky":false,"template":"","format":"standard","meta":{"_uag_custom_page_level_css":"","footnotes":""},"categories":[3],"tags":[],"class_list":["post-8840","post","type-post","status-publish","format-standard","hentry","category-7dias"],"uagb_featured_image_src":{"full":false,"thumbnail":false,"medium":false,"medium_large":false,"large":false,"1536x1536":false,"2048x2048":false,"post-thumbnail":false},"uagb_author_info":{"display_name":"Juan Pablo","author_link":"https:\/\/audec.edu.uy\/index.php\/author\/juan-pablo\/"},"uagb_comment_info":0,"uagb_excerpt":"9 DE ABRIL LA DIARIA Por Luc\u00eda Lahourguette&nbsp; Este mi\u00e9rcoles se inaugur\u00f3 el primer centro TUMO en Uruguay, ubicado en el predio del aeropuerto de Carrasco. El espacio, equipado con tecnolog\u00eda avanzada, ofrecer\u00e1 a adolescentes de entre 12 y 18 a\u00f1os un \u00e1mbito educativo para aprender y experimentar con nuevas disciplinas vinculadas no solo a&hellip;","_links":{"self":[{"href":"https:\/\/audec.edu.uy\/index.php\/wp-json\/wp\/v2\/posts\/8840","targetHints":{"allow":["GET"]}}],"collection":[{"href":"https:\/\/audec.edu.uy\/index.php\/wp-json\/wp\/v2\/posts"}],"about":[{"href":"https:\/\/audec.edu.uy\/index.php\/wp-json\/wp\/v2\/types\/post"}],"author":[{"embeddable":true,"href":"https:\/\/audec.edu.uy\/index.php\/wp-json\/wp\/v2\/users\/5"}],"replies":[{"embeddable":true,"href":"https:\/\/audec.edu.uy\/index.php\/wp-json\/wp\/v2\/comments?post=8840"}],"version-history":[{"count":1,"href":"https:\/\/audec.edu.uy\/index.php\/wp-json\/wp\/v2\/posts\/8840\/revisions"}],"predecessor-version":[{"id":8841,"href":"https:\/\/audec.edu.uy\/index.php\/wp-json\/wp\/v2\/posts\/8840\/revisions\/8841"}],"wp:attachment":[{"href":"https:\/\/audec.edu.uy\/index.php\/wp-json\/wp\/v2\/media?parent=8840"}],"wp:term":[{"taxonomy":"category","embeddable":true,"href":"https:\/\/audec.edu.uy\/index.php\/wp-json\/wp\/v2\/categories?post=8840"},{"taxonomy":"post_tag","embeddable":true,"href":"https:\/\/audec.edu.uy\/index.php\/wp-json\/wp\/v2\/tags?post=8840"}],"curies":[{"name":"wp","href":"https:\/\/api.w.org\/{rel}","templated":true}]}}