{"id":8835,"date":"2026-04-10T17:21:31","date_gmt":"2026-04-10T20:21:31","guid":{"rendered":"https:\/\/audec.edu.uy\/?p=8835"},"modified":"2026-04-10T17:21:31","modified_gmt":"2026-04-10T20:21:31","slug":"anep-fija-fecha-para-inscribirse-en-acredita-ems-la-prueba-para-terminar-bachillerato-y-evalua-ampliar-cupos","status":"publish","type":"post","link":"https:\/\/audec.edu.uy\/index.php\/2026\/04\/10\/anep-fija-fecha-para-inscribirse-en-acredita-ems-la-prueba-para-terminar-bachillerato-y-evalua-ampliar-cupos\/","title":{"rendered":"ANEP fija fecha para inscribirse en Acredita EMS, la prueba para terminar bachillerato, y eval\u00faa ampliar cupos"},"content":{"rendered":"\n<p>8 DE ABRIL<\/p>\n\n\n\n<p>EL PAIS<\/p>\n\n\n\n<p><strong>Por Agust\u00edn Magallanes<\/strong><\/p>\n\n\n\n<p>Las inscripciones para realizar la primera&nbsp;prueba nacional&nbsp;de acreditaci\u00f3n de&nbsp;educaci\u00f3n media&nbsp;superior (Acredita EMS), con el objetivo de que adultos mayores de 27 a\u00f1os culminen el bachillerato, ser\u00e1n en julio, dijo el presidente de la Administraci\u00f3n Nacional de Educaci\u00f3n P\u00fablica (ANEP),&nbsp;Pablo Caggiani, consultado por El Pa\u00eds.<\/p>\n\n\n\n<p>En el cronograma original, estaba previsto que las inscripciones fueran entre abril y junio para quienes tengan acreditado el ciclo b\u00e1sico o educaci\u00f3n media b\u00e1sica. En la prueba, prevista para noviembre de este a\u00f1o, habr\u00e1&nbsp;cuatro \u00e1reas de evaluaci\u00f3n&nbsp;(comprensi\u00f3n lectora, escritura argumentativa, resoluci\u00f3n de problemas matem\u00e1ticos y cultura cient\u00edfica).<\/p>\n\n\n\n<p>Otro punto que cambi\u00f3 es que la prueba,&nbsp;gratuita, con \u201cest\u00e1ndares t\u00e9cnicos exigentes\u201d pasar\u00e1 de hacerse en un d\u00eda, a realizarse en dos, agreg\u00f3&nbsp;Caggiani. Frente a esta situaci\u00f3n, las autoridades analizan ampliar el cupo original, de hasta un m\u00e1ximo de 5.000 postulantes para hacer la prueba, previendo una alta demanda para culminar la educaci\u00f3n obligatoria.<\/p>\n\n\n\n<p>C\u00f3mo ser\u00e1 la prueba nacional de acreditaci\u00f3n de educaci\u00f3n media superior<\/p>\n\n\n\n<p>La&nbsp;evaluaci\u00f3n&nbsp;ser\u00e1 en formato de m\u00faltiple opci\u00f3n, producci\u00f3n de texto, o respuestas abiertas y otras cerradas, seg\u00fan las \u00e1reas. Mientras que el grado de dominio de las competencias evaluadas se clasificar\u00e1 en tres niveles (insuficiencia, pr\u00f3ximo a la suficiencia y suficiencia).<\/p>\n\n\n\n<p>Para obtener la certificaci\u00f3n, se deber\u00e1 alcanzar el nivel de \u201csuficiencia\u201d en al menos tres de las cuatro \u00e1reas evaluadas, y llegar al nivel de \u201cpr\u00f3ximo a la suficiencia\u201d en la restante.<\/p>\n\n\n\n<p><strong>El porqu\u00e9 de esta nueva herramienta<\/strong><\/p>\n\n\n\n<p>Acredita EMS&nbsp;es una \u201crespuesta institucional orientada a ampliar las oportunidades de certificaci\u00f3n para personas que han quedado fuera del sistema formal\u201d, y se complementa con una herramienta similar, que se habilit\u00f3 en la pasada administraci\u00f3n de ANEP para completar el ciclo b\u00e1sico (Acredita EMB).<\/p>\n\n\n\n<p>Uruguay registra&nbsp;bajas tasas de finalizaci\u00f3n del liceo o UTU, que no alcanzan los objetivos trazados por las autoridades.<\/p>\n\n\n\n<p>Un&nbsp;reciente informe del Instituto Nacional de Evaluaci\u00f3n Educativa&nbsp;(Ineed) dio cuenta que \u201cno pudo alcanzarse\u201d la meta de 75% de j\u00f3venes de 21 a 23 a\u00f1os egresados de la educaci\u00f3n media superior para 2024. Lo lograron apenas el 53,2%, lo que igualmente estuvo por encima de 2019 (43,3%).<\/p>\n\n\n\n<p>El \u00faltimo censo nacional (2023), arroj\u00f3 que 19,3% de la poblaci\u00f3n uruguaya cuenta con estudios hasta el nivel de bachillerato; 12,6% tiene nivel universitario, 24,3% hasta ciclo b\u00e1sico y 25,7% solo la escuela. <a href=\"http:\/\/www.elpais.com.uy\">www.elpais.com.uy<\/a><\/p>\n","protected":false},"excerpt":{"rendered":"<p>8 DE ABRIL EL PAIS Por Agust\u00edn Magallanes Las inscripciones para realizar la primera&nbsp;prueba nacional&nbsp;de acreditaci\u00f3n de&nbsp;educaci\u00f3n media&nbsp;superior (Acredita EMS), con el objetivo de que adultos mayores de 27 a\u00f1os culminen el bachillerato, ser\u00e1n en julio, dijo el presidente de la Administraci\u00f3n Nacional de Educaci\u00f3n P\u00fablica (ANEP),&nbsp;Pablo Caggiani, consultado por El Pa\u00eds. En el cronograma &hellip; <a href=\"https:\/\/audec.edu.uy\/index.php\/2026\/04\/10\/anep-fija-fecha-para-inscribirse-en-acredita-ems-la-prueba-para-terminar-bachillerato-y-evalua-ampliar-cupos\/\" class=\"more-link\">Continue reading<span class=\"screen-reader-text\"> \u00abANEP fija fecha para inscribirse en Acredita EMS, la prueba para terminar bachillerato, y eval\u00faa ampliar cupos\u00bb<\/span><\/a><\/p>\n","protected":false},"author":5,"featured_media":0,"comment_status":"closed","ping_status":"closed","sticky":false,"template":"","format":"standard","meta":{"_uag_custom_page_level_css":"","footnotes":""},"categories":[3],"tags":[],"class_list":["post-8835","post","type-post","status-publish","format-standard","hentry","category-7dias"],"uagb_featured_image_src":{"full":false,"thumbnail":false,"medium":false,"medium_large":false,"large":false,"1536x1536":false,"2048x2048":false,"post-thumbnail":false},"uagb_author_info":{"display_name":"Juan Pablo","author_link":"https:\/\/audec.edu.uy\/index.php\/author\/juan-pablo\/"},"uagb_comment_info":0,"uagb_excerpt":"8 DE ABRIL EL PAIS Por Agust\u00edn Magallanes Las inscripciones para realizar la primera&nbsp;prueba nacional&nbsp;de acreditaci\u00f3n de&nbsp;educaci\u00f3n media&nbsp;superior (Acredita EMS), con el objetivo de que adultos mayores de 27 a\u00f1os culminen el bachillerato, ser\u00e1n en julio, dijo el presidente de la Administraci\u00f3n Nacional de Educaci\u00f3n P\u00fablica (ANEP),&nbsp;Pablo Caggiani, consultado por El Pa\u00eds. En el cronograma&hellip;","_links":{"self":[{"href":"https:\/\/audec.edu.uy\/index.php\/wp-json\/wp\/v2\/posts\/8835","targetHints":{"allow":["GET"]}}],"collection":[{"href":"https:\/\/audec.edu.uy\/index.php\/wp-json\/wp\/v2\/posts"}],"about":[{"href":"https:\/\/audec.edu.uy\/index.php\/wp-json\/wp\/v2\/types\/post"}],"author":[{"embeddable":true,"href":"https:\/\/audec.edu.uy\/index.php\/wp-json\/wp\/v2\/users\/5"}],"replies":[{"embeddable":true,"href":"https:\/\/audec.edu.uy\/index.php\/wp-json\/wp\/v2\/comments?post=8835"}],"version-history":[{"count":1,"href":"https:\/\/audec.edu.uy\/index.php\/wp-json\/wp\/v2\/posts\/8835\/revisions"}],"predecessor-version":[{"id":8836,"href":"https:\/\/audec.edu.uy\/index.php\/wp-json\/wp\/v2\/posts\/8835\/revisions\/8836"}],"wp:attachment":[{"href":"https:\/\/audec.edu.uy\/index.php\/wp-json\/wp\/v2\/media?parent=8835"}],"wp:term":[{"taxonomy":"category","embeddable":true,"href":"https:\/\/audec.edu.uy\/index.php\/wp-json\/wp\/v2\/categories?post=8835"},{"taxonomy":"post_tag","embeddable":true,"href":"https:\/\/audec.edu.uy\/index.php\/wp-json\/wp\/v2\/tags?post=8835"}],"curies":[{"name":"wp","href":"https:\/\/api.w.org\/{rel}","templated":true}]}}