{"id":8770,"date":"2026-03-26T09:35:14","date_gmt":"2026-03-26T12:35:14","guid":{"rendered":"https:\/\/audec.edu.uy\/?p=8770"},"modified":"2026-03-27T13:53:35","modified_gmt":"2026-03-27T16:53:35","slug":"pet-arrayanes-espera-visita-tecnica-de-utu-para-resolver-emergencia-edilicia-del-area-audiovisual","status":"publish","type":"post","link":"https:\/\/audec.edu.uy\/index.php\/2026\/03\/26\/pet-arrayanes-espera-visita-tecnica-de-utu-para-resolver-emergencia-edilicia-del-area-audiovisual\/","title":{"rendered":"PET Arrayanes espera visita t\u00e9cnica de UTU para resolver emergencia edilicia del \u00e1rea audiovisual"},"content":{"rendered":"\n<p>26 DE MARZO<\/p>\n\n\n\n<p>LA DIARIA<\/p>\n\n\n\n<p>La comunidad del Polo Educativo Tecnol\u00f3gico (PET) Arrayanes de UTU aguarda una inspecci\u00f3n de la Divisi\u00f3n de Arquitectura de la Direcci\u00f3n de Educaci\u00f3n T\u00e9cnica Profesional, con vistas a desarrollar un plan de trabajo que solucione los problemas de infraestructura del galp\u00f3n donde, hasta la semana pasada, se dictaban las clases del bachillerato y de la Tecnicatura Audiovisual.<\/p>\n\n\n\n<p>El director del PET Arrayanes, Julio Miranda, dijo a&nbsp;la diaria&nbsp;que la visita de los arquitectos es clave para realizar una nueva evaluaci\u00f3n de las instalaciones,&nbsp;clausuradas por decisi\u00f3n del n\u00facleo sindical de Afutu desde el mi\u00e9rcoles 18, luego de que las lluvias afectaran el \u00e1rea donde se dictaban los cursos y se depositaban equipos valuados en 100.000 d\u00f3lares.<\/p>\n\n\n\n<p>Desde entonces, las clases pasaron a salones alternativos en el edificio central, en funci\u00f3n de su disponibilidad. \u201cEsto implica una distorsi\u00f3n total para todo: para la escuela, para las pr\u00e1cticas de audiovisual y para el funcionamiento de las clases. No es el clima ideal\u201d, dijo Miranda.<\/p>\n\n\n\n<p>Record\u00f3 que la reparaci\u00f3n de las antiguas instalaciones del galp\u00f3n o \u201cpa\u00f1ol\u201d audiovisual se plante\u00f3 hace a\u00f1os y fue reiterada a las nuevas autoridades de la Direcci\u00f3n de Educaci\u00f3n T\u00e9cnico Profesional en 2025. Indic\u00f3 que encontraron \u201cbuena receptividad\u201d, pero remarc\u00f3 que la soluci\u00f3n no puede demorar m\u00e1s.<\/p>\n\n\n\n<p>\u201cEste a\u00f1o se comienza a ejecutar el presupuesto que se vot\u00f3 el a\u00f1o pasado; suponemos que la reparaci\u00f3n est\u00e1 en agenda, teniendo en cuenta los compromisos que asumieron en las diferentes instancias de trabajo con los referentes de Arrayanes\u201d, coment\u00f3.<\/p>\n\n\n\n<p>Tras remarcar la disposici\u00f3n de la direcci\u00f3n y el cuerpo docente a dialogar en una mesa de trabajo permanente, advirti\u00f3 que \u201csi se espera mucho para ejecutar la soluci\u00f3n, ocurren eventos como los de la semana pasada y nunca se sabe lo que puede pasar\u201d.<\/p>\n\n\n\n<p>El director reivindic\u00f3 el derecho de docentes y estudiantes a implementar medidas gremiales hasta obtener respuestas, despu\u00e9s de \u201cestar con el agua por los tobillos, tratando de poner a resguardo los equipos\u201d, que son patrimonio de la UTU. Aunque no tuvo comunicaci\u00f3n directa con las autoridades nacionales, espera que la visita de los arquitectos se concrete esta misma semana.<\/p>\n","protected":false},"excerpt":{"rendered":"<p>26 DE MARZO LA DIARIA La comunidad del Polo Educativo Tecnol\u00f3gico (PET) Arrayanes de UTU aguarda una inspecci\u00f3n de la Divisi\u00f3n de Arquitectura de la Direcci\u00f3n de Educaci\u00f3n T\u00e9cnica Profesional, con vistas a desarrollar un plan de trabajo que solucione los problemas de infraestructura del galp\u00f3n donde, hasta la semana pasada, se dictaban las clases &hellip; <a href=\"https:\/\/audec.edu.uy\/index.php\/2026\/03\/26\/pet-arrayanes-espera-visita-tecnica-de-utu-para-resolver-emergencia-edilicia-del-area-audiovisual\/\" class=\"more-link\">Continue reading<span class=\"screen-reader-text\"> \u00abPET Arrayanes espera visita t\u00e9cnica de UTU para resolver emergencia edilicia del \u00e1rea audiovisual\u00bb<\/span><\/a><\/p>\n","protected":false},"author":5,"featured_media":0,"comment_status":"closed","ping_status":"closed","sticky":false,"template":"","format":"standard","meta":{"_uag_custom_page_level_css":"","footnotes":""},"categories":[3],"tags":[],"class_list":["post-8770","post","type-post","status-publish","format-standard","hentry","category-7dias"],"uagb_featured_image_src":{"full":false,"thumbnail":false,"medium":false,"medium_large":false,"large":false,"1536x1536":false,"2048x2048":false,"post-thumbnail":false},"uagb_author_info":{"display_name":"Juan Pablo","author_link":"https:\/\/audec.edu.uy\/index.php\/author\/juan-pablo\/"},"uagb_comment_info":0,"uagb_excerpt":"26 DE MARZO LA DIARIA La comunidad del Polo Educativo Tecnol\u00f3gico (PET) Arrayanes de UTU aguarda una inspecci\u00f3n de la Divisi\u00f3n de Arquitectura de la Direcci\u00f3n de Educaci\u00f3n T\u00e9cnica Profesional, con vistas a desarrollar un plan de trabajo que solucione los problemas de infraestructura del galp\u00f3n donde, hasta la semana pasada, se dictaban las clases&hellip;","_links":{"self":[{"href":"https:\/\/audec.edu.uy\/index.php\/wp-json\/wp\/v2\/posts\/8770","targetHints":{"allow":["GET"]}}],"collection":[{"href":"https:\/\/audec.edu.uy\/index.php\/wp-json\/wp\/v2\/posts"}],"about":[{"href":"https:\/\/audec.edu.uy\/index.php\/wp-json\/wp\/v2\/types\/post"}],"author":[{"embeddable":true,"href":"https:\/\/audec.edu.uy\/index.php\/wp-json\/wp\/v2\/users\/5"}],"replies":[{"embeddable":true,"href":"https:\/\/audec.edu.uy\/index.php\/wp-json\/wp\/v2\/comments?post=8770"}],"version-history":[{"count":1,"href":"https:\/\/audec.edu.uy\/index.php\/wp-json\/wp\/v2\/posts\/8770\/revisions"}],"predecessor-version":[{"id":8771,"href":"https:\/\/audec.edu.uy\/index.php\/wp-json\/wp\/v2\/posts\/8770\/revisions\/8771"}],"wp:attachment":[{"href":"https:\/\/audec.edu.uy\/index.php\/wp-json\/wp\/v2\/media?parent=8770"}],"wp:term":[{"taxonomy":"category","embeddable":true,"href":"https:\/\/audec.edu.uy\/index.php\/wp-json\/wp\/v2\/categories?post=8770"},{"taxonomy":"post_tag","embeddable":true,"href":"https:\/\/audec.edu.uy\/index.php\/wp-json\/wp\/v2\/tags?post=8770"}],"curies":[{"name":"wp","href":"https:\/\/api.w.org\/{rel}","templated":true}]}}