{"id":8760,"date":"2026-03-27T13:53:05","date_gmt":"2026-03-27T16:53:05","guid":{"rendered":"https:\/\/audec.edu.uy\/?p=8760"},"modified":"2026-03-27T13:53:06","modified_gmt":"2026-03-27T16:53:06","slug":"pablo-caggiani-confirmo-que-en-el-actual-gobierno-se-construira-un-nuevo-liceo-en-la-teja","status":"publish","type":"post","link":"https:\/\/audec.edu.uy\/index.php\/2026\/03\/27\/pablo-caggiani-confirmo-que-en-el-actual-gobierno-se-construira-un-nuevo-liceo-en-la-teja\/","title":{"rendered":"Pablo Caggiani confirm\u00f3 que en el actual gobierno se construir\u00e1 un nuevo liceo en La Teja"},"content":{"rendered":"\n<p>27 DE MARZO<\/p>\n\n\n\n<p>LA DIARIA<\/p>\n\n\n\n<p>Este jueves,&nbsp;organizaciones y vecinos de La Teja convocaron a una concentraci\u00f3n en el edificio principal del Consejo Directivo Central de la Administraci\u00f3n Nacional de Educaci\u00f3n P\u00fablica (ANEP) para seguir insistiendo en la necesidad de contar con un liceo de bachillerato en el barrio. Seg\u00fan han argumentado desde que comenz\u00f3 a plantearse el reclamo de forma organizada, la creciente poblaci\u00f3n estudiantil en ciclo b\u00e1sico \u2013no solo en La Teja, sino en barrios cercanos\u2013 genera la necesidad de que la zona tenga al menos un centro de educaci\u00f3n media superior, con el objetivo de favorecer la continuidad educativa de los estudiantes.<\/p>\n\n\n\n<p>Minutos antes de recibir a una delegaci\u00f3n de manifestantes, el presidente de la ANEP, Pablo Caggiani, fue consultado por la prensa sobre el tema y respondi\u00f3 que es un hecho que en el actual per\u00edodo de gobierno habr\u00e1 un nuevo liceo en La Teja. Seg\u00fan explic\u00f3 el jerarca, hasta ahora la ANEP ten\u00eda presupuesto destinado para su construcci\u00f3n, pero no se contaba con un terreno donde realizar la obra, pero recientemente se logr\u00f3 la cesi\u00f3n de un predio de Ancap, que tiene su refiner\u00eda en el barrio.<\/p>\n\n\n\n<p>De todas formas, Caggiani se\u00f1al\u00f3 que, en la misma l\u00ednea con lo que meses atr\u00e1s les comunicaron a los integrantes de la comisi\u00f3n de organizaciones en favor de la construcci\u00f3n del centro educativo de bachillerato, en&nbsp;el plan de obras de la ANEP&nbsp;est\u00e1 definida la construcci\u00f3n de un nuevo liceo en la zona, que ser\u00e1 de ciclo b\u00e1sico.<\/p>\n\n\n\n<p>Seg\u00fan detall\u00f3 Caggiani, ello permitir\u00e1 liberar alguno de los locales de los actuales liceos de ciclo b\u00e1sico para que sea ocupado por alguna propuesta de bachillerato. \u201cEstamos haciendo todo para que cuanto antes se pueda comenzar con el proyecto, con las obras, y que los gurises tengan un nuevo espacio educativo\u201d, dijo el jerarca.<\/p>\n\n\n\n<p>Adem\u00e1s, se refiri\u00f3 al paro que este jueves est\u00e1 realizando la Asociaci\u00f3n de Docentes de Educaci\u00f3n Secundaria (ADES) de Montevideo, y consider\u00f3 que, si bien es una decisi\u00f3n \u201clegal y leg\u00edtima\u201d, no encuentra motivos para tomar una medida de ese tipo. En ese sentido, dijo que, adem\u00e1s de la construcci\u00f3n de nuevos liceos, el otro motivo del paro es la aprobaci\u00f3n de un nuevo protocolo de actuaci\u00f3n ante situaciones de violencia. Seg\u00fan plante\u00f3, el nuevo protocolo ya est\u00e1 acordado con la Coordinadora de Sindicatos de la Ense\u00f1anza del Uruguay y solo resta la aprobaci\u00f3n del Codicen para que comience a aplicarse.<\/p>\n\n\n\n<p>Precisamente, la demora en su aprobaci\u00f3n fue uno de los puntos que motiv\u00f3 a ADES Montevideo a convocar al paro, luego de que en las \u00faltimas semanas se registraran distintas agresiones a docentes. La \u00faltima de ellas fue en el liceo 24 de Paso de la Arena, que este jueves fue ocupado por los profesores.<\/p>\n","protected":false},"excerpt":{"rendered":"<p>27 DE MARZO LA DIARIA Este jueves,&nbsp;organizaciones y vecinos de La Teja convocaron a una concentraci\u00f3n en el edificio principal del Consejo Directivo Central de la Administraci\u00f3n Nacional de Educaci\u00f3n P\u00fablica (ANEP) para seguir insistiendo en la necesidad de contar con un liceo de bachillerato en el barrio. Seg\u00fan han argumentado desde que comenz\u00f3 a &hellip; <a href=\"https:\/\/audec.edu.uy\/index.php\/2026\/03\/27\/pablo-caggiani-confirmo-que-en-el-actual-gobierno-se-construira-un-nuevo-liceo-en-la-teja\/\" class=\"more-link\">Continue reading<span class=\"screen-reader-text\"> \u00abPablo Caggiani confirm\u00f3 que en el actual gobierno se construir\u00e1 un nuevo liceo en La Teja\u00bb<\/span><\/a><\/p>\n","protected":false},"author":5,"featured_media":0,"comment_status":"closed","ping_status":"closed","sticky":false,"template":"","format":"standard","meta":{"_uag_custom_page_level_css":"","footnotes":""},"categories":[3],"tags":[],"class_list":["post-8760","post","type-post","status-publish","format-standard","hentry","category-7dias"],"uagb_featured_image_src":{"full":false,"thumbnail":false,"medium":false,"medium_large":false,"large":false,"1536x1536":false,"2048x2048":false,"post-thumbnail":false},"uagb_author_info":{"display_name":"Juan Pablo","author_link":"https:\/\/audec.edu.uy\/index.php\/author\/juan-pablo\/"},"uagb_comment_info":0,"uagb_excerpt":"27 DE MARZO LA DIARIA Este jueves,&nbsp;organizaciones y vecinos de La Teja convocaron a una concentraci\u00f3n en el edificio principal del Consejo Directivo Central de la Administraci\u00f3n Nacional de Educaci\u00f3n P\u00fablica (ANEP) para seguir insistiendo en la necesidad de contar con un liceo de bachillerato en el barrio. Seg\u00fan han argumentado desde que comenz\u00f3 a&hellip;","_links":{"self":[{"href":"https:\/\/audec.edu.uy\/index.php\/wp-json\/wp\/v2\/posts\/8760","targetHints":{"allow":["GET"]}}],"collection":[{"href":"https:\/\/audec.edu.uy\/index.php\/wp-json\/wp\/v2\/posts"}],"about":[{"href":"https:\/\/audec.edu.uy\/index.php\/wp-json\/wp\/v2\/types\/post"}],"author":[{"embeddable":true,"href":"https:\/\/audec.edu.uy\/index.php\/wp-json\/wp\/v2\/users\/5"}],"replies":[{"embeddable":true,"href":"https:\/\/audec.edu.uy\/index.php\/wp-json\/wp\/v2\/comments?post=8760"}],"version-history":[{"count":1,"href":"https:\/\/audec.edu.uy\/index.php\/wp-json\/wp\/v2\/posts\/8760\/revisions"}],"predecessor-version":[{"id":8761,"href":"https:\/\/audec.edu.uy\/index.php\/wp-json\/wp\/v2\/posts\/8760\/revisions\/8761"}],"wp:attachment":[{"href":"https:\/\/audec.edu.uy\/index.php\/wp-json\/wp\/v2\/media?parent=8760"}],"wp:term":[{"taxonomy":"category","embeddable":true,"href":"https:\/\/audec.edu.uy\/index.php\/wp-json\/wp\/v2\/categories?post=8760"},{"taxonomy":"post_tag","embeddable":true,"href":"https:\/\/audec.edu.uy\/index.php\/wp-json\/wp\/v2\/tags?post=8760"}],"curies":[{"name":"wp","href":"https:\/\/api.w.org\/{rel}","templated":true}]}}