{"id":8746,"date":"2026-03-27T13:53:47","date_gmt":"2026-03-27T16:53:47","guid":{"rendered":"https:\/\/audec.edu.uy\/?p=8746"},"modified":"2026-03-27T13:53:47","modified_gmt":"2026-03-27T16:53:47","slug":"prioridad-del-gobierno-se-duplica-acceso-a-la-alimentacion-en-la-educacion-media-basica","status":"publish","type":"post","link":"https:\/\/audec.edu.uy\/index.php\/2026\/03\/27\/prioridad-del-gobierno-se-duplica-acceso-a-la-alimentacion-en-la-educacion-media-basica\/","title":{"rendered":"\u201cPrioridad del gobierno\u201d: Se duplica acceso a la alimentaci\u00f3n en la educaci\u00f3n media b\u00e1sica"},"content":{"rendered":"\n<p>26 DE MARZO<\/p>\n\n\n\n<p>&nbsp;LA REPUBLICA<\/p>\n\n\n\n<p>\u201cUna comida balanceada y un espacio de integraci\u00f3n\u201d, dijo el secretario de Presidencia, Alejandro S\u00e1nchez, acerca de la instalaci\u00f3n de comedores en liceos y UTU en distintos puntos del pa\u00eds. \u201cHabla del derecho a la educaci\u00f3n y la posibilidad de que la mayor\u00eda de los adolescentes tengan la panza llena para construir la mejor educaci\u00f3n p\u00fablica posible para todos los uruguayos\u201d, afirm\u00f3, al visitar uno de los centros educativos.<\/p>\n\n\n\n<p>El liceo 41 del barrio Cerrito de la Victoria, en Montevideo, donde funciona uno de los nuevos comedores estudiantiles, fue el lugar elegido por las autoridades para conocer su operativa. Este espacio es parte del plan de instalaci\u00f3n de 57 servicios de alimentaci\u00f3n en centros educativos de ense\u00f1anza media b\u00e1sica de Uruguay destinado a los alumnos que all\u00ed asistan y lo requieran.<\/p>\n\n\n\n<p>La iniciativa, que se enmarca en una pol\u00edtica de extensi\u00f3n del tiempo pedag\u00f3gico, permite duplicar la cantidad de beneficiarios este a\u00f1o, de 20.000 a 40.000 alumnos que reciben un plato de comida.<\/p>\n\n\n\n<p>El secretario de Presidencia, Alejandro S\u00e1nchez, dijo a Comunicaci\u00f3n Presidencial que la ampliaci\u00f3n de los comedores es una de las prioridades del Gobierno y que se est\u00e1 cumpliendo. \u201cEs una experiencia muy interesante que cont\u00f3 con la participaci\u00f3n de toda la comunidad educativa\u201d, explic\u00f3, y record\u00f3 que durante el verano muchos docentes, directores e inspectores concurrieron a trabajar, a abrir los centros para que concretaran las obras en tiempo y forma.<\/p>\n\n\n\n<p>Los espacios de alimentaci\u00f3n est\u00e1n distribuidos en distintos puntos del pa\u00eds y la duplicaci\u00f3n en el acceso representa unos 3.600.000 platos m\u00e1s, inform\u00f3 S\u00e1nchez, quien remarc\u00f3 la importancia de contar con una comida balanceada y un espacio de integraci\u00f3n. \u201cHabla del derecho a la educaci\u00f3n&nbsp; y la posibilidad de que la mayor\u00eda de los adolescentes tengan la panza llena para construir la mejor educaci\u00f3n p\u00fablica posible para todos los uruguayos\u201d, dijo.<\/p>\n\n\n\n<p><strong>Extensi\u00f3n del tiempo educativo<\/strong><\/p>\n\n\n\n<p>El presidente de la Administraci\u00f3n Nacional de Educaci\u00f3n P\u00fablica (ANEP), Pablo Caggiani, insisti\u00f3 en el compromiso de Uruguay con la extensi\u00f3n del tiempo educativo. Explic\u00f3 que para lograrlo es necesario asegurar la alimentaci\u00f3n, ya que de otra forma no se podr\u00edan generar jornadas m\u00e1s largas en los centros educativos.&nbsp; Adem\u00e1s, mencion\u00f3 el valor de contar con el trabajo de nutricionistas que organizan el funcionamiento de la propuesta, m\u00e1s unas 100 figuras educativas que se incorporan para apoyar el servicio de comedores y otras actividades que se desarrollan en los locales de estudio.<\/p>\n\n\n\n<p>\u201cEs un espacio de compartir con otros, de conversar de otros temas, de alimentarse compartiendo con docentes, es un ambiente muy disfrutable\u201d, argument\u00f3. Puntualmente, en el liceo visitado reciben alimentaci\u00f3n unos 200 j\u00f3venes distribuidos en varias tandas.<\/p>\n\n\n\n<p>El director general de Educaci\u00f3n Secundaria, Manuel Oro\u00f1o, quien asisti\u00f3 acompa\u00f1ado por la subdirectora, Sandra Pe\u00f1a, destac\u00f3 la celeridad del proceso, basado en una buena articulaci\u00f3n que permiti\u00f3 resolverlo en dos meses. \u201cFue algo desafiante para Uruguay\u201d, se\u00f1al\u00f3.<\/p>\n","protected":false},"excerpt":{"rendered":"<p>26 DE MARZO &nbsp;LA REPUBLICA \u201cUna comida balanceada y un espacio de integraci\u00f3n\u201d, dijo el secretario de Presidencia, Alejandro S\u00e1nchez, acerca de la instalaci\u00f3n de comedores en liceos y UTU en distintos puntos del pa\u00eds. \u201cHabla del derecho a la educaci\u00f3n y la posibilidad de que la mayor\u00eda de los adolescentes tengan la panza llena &hellip; <a href=\"https:\/\/audec.edu.uy\/index.php\/2026\/03\/27\/prioridad-del-gobierno-se-duplica-acceso-a-la-alimentacion-en-la-educacion-media-basica\/\" class=\"more-link\">Continue reading<span class=\"screen-reader-text\"> \u00ab\u201cPrioridad del gobierno\u201d: Se duplica acceso a la alimentaci\u00f3n en la educaci\u00f3n media b\u00e1sica\u00bb<\/span><\/a><\/p>\n","protected":false},"author":5,"featured_media":0,"comment_status":"closed","ping_status":"closed","sticky":false,"template":"","format":"standard","meta":{"_uag_custom_page_level_css":"","footnotes":""},"categories":[3],"tags":[],"class_list":["post-8746","post","type-post","status-publish","format-standard","hentry","category-7dias"],"uagb_featured_image_src":{"full":false,"thumbnail":false,"medium":false,"medium_large":false,"large":false,"1536x1536":false,"2048x2048":false,"post-thumbnail":false},"uagb_author_info":{"display_name":"Juan Pablo","author_link":"https:\/\/audec.edu.uy\/index.php\/author\/juan-pablo\/"},"uagb_comment_info":0,"uagb_excerpt":"26 DE MARZO &nbsp;LA REPUBLICA \u201cUna comida balanceada y un espacio de integraci\u00f3n\u201d, dijo el secretario de Presidencia, Alejandro S\u00e1nchez, acerca de la instalaci\u00f3n de comedores en liceos y UTU en distintos puntos del pa\u00eds. \u201cHabla del derecho a la educaci\u00f3n y la posibilidad de que la mayor\u00eda de los adolescentes tengan la panza llena&hellip;","_links":{"self":[{"href":"https:\/\/audec.edu.uy\/index.php\/wp-json\/wp\/v2\/posts\/8746","targetHints":{"allow":["GET"]}}],"collection":[{"href":"https:\/\/audec.edu.uy\/index.php\/wp-json\/wp\/v2\/posts"}],"about":[{"href":"https:\/\/audec.edu.uy\/index.php\/wp-json\/wp\/v2\/types\/post"}],"author":[{"embeddable":true,"href":"https:\/\/audec.edu.uy\/index.php\/wp-json\/wp\/v2\/users\/5"}],"replies":[{"embeddable":true,"href":"https:\/\/audec.edu.uy\/index.php\/wp-json\/wp\/v2\/comments?post=8746"}],"version-history":[{"count":1,"href":"https:\/\/audec.edu.uy\/index.php\/wp-json\/wp\/v2\/posts\/8746\/revisions"}],"predecessor-version":[{"id":8747,"href":"https:\/\/audec.edu.uy\/index.php\/wp-json\/wp\/v2\/posts\/8746\/revisions\/8747"}],"wp:attachment":[{"href":"https:\/\/audec.edu.uy\/index.php\/wp-json\/wp\/v2\/media?parent=8746"}],"wp:term":[{"taxonomy":"category","embeddable":true,"href":"https:\/\/audec.edu.uy\/index.php\/wp-json\/wp\/v2\/categories?post=8746"},{"taxonomy":"post_tag","embeddable":true,"href":"https:\/\/audec.edu.uy\/index.php\/wp-json\/wp\/v2\/tags?post=8746"}],"curies":[{"name":"wp","href":"https:\/\/api.w.org\/{rel}","templated":true}]}}