{"id":8728,"date":"2026-03-23T09:23:59","date_gmt":"2026-03-23T12:23:59","guid":{"rendered":"https:\/\/audec.edu.uy\/?p=8728"},"modified":"2026-03-27T13:55:46","modified_gmt":"2026-03-27T16:55:46","slug":"inacoop-y-anep-trabajan-en-elaboracion-de-programa-y-capacitacion-de-docentes-de-optativa-sobre-cooperativismo-en-bachillerato","status":"publish","type":"post","link":"https:\/\/audec.edu.uy\/index.php\/2026\/03\/23\/inacoop-y-anep-trabajan-en-elaboracion-de-programa-y-capacitacion-de-docentes-de-optativa-sobre-cooperativismo-en-bachillerato\/","title":{"rendered":"Inacoop y ANEP trabajan en elaboraci\u00f3n de programa y capacitaci\u00f3n de docentes de optativa sobre cooperativismo en bachillerato"},"content":{"rendered":"\n<p>23 DE MARZO<\/p>\n\n\n\n<p>LA DIARIA<\/p>\n\n\n\n<p>La Administraci\u00f3n Nacional de Educaci\u00f3n P\u00fablica (ANEP) y el Instituto Nacional de Cooperativismo (Inacoop) firmaron un acuerdo de cooperaci\u00f3n que profundiza el v\u00ednculo entre el sistema educativo y el sistema cooperativo, existente desde hace muchas d\u00e9cadas.<\/p>\n\n\n\n<p>Seg\u00fan inform\u00f3 el sitio web de Presidencia de la Rep\u00fablica, el acuerdo apunta a la realizaci\u00f3n de programas de investigaci\u00f3n y desarrollo conjuntos y de actividades de capacitaci\u00f3n tanto para docentes como para estudiantes, y tambi\u00e9n a la formaci\u00f3n para adultos integrantes de cooperativas.<\/p>\n\n\n\n<p>En el acto en el que se realiz\u00f3 la firma, realizado el mi\u00e9rcoles, el presidente de la ANEP, Pablo Caggiani, se\u00f1al\u00f3 que el v\u00ednculo del sistema educativo con el cooperativismo es de larga data e incluso mencion\u00f3 la existencia de una comisi\u00f3n sobre la tem\u00e1tica en el ex Consejo de Educaci\u00f3n Inicial y Primaria. Seg\u00fan remarc\u00f3, con la creaci\u00f3n del Inacoop, con el objetivo de potenciar la actividad cooperativa en el pa\u00eds, concretada en 2008, el organismo es el principal interlocutor de la tem\u00e1tica con la ANEP.<\/p>\n\n\n\n<p>Adem\u00e1s, Caggiani mencion\u00f3 que en la ley de creaci\u00f3n del instituto, que funciona bajo el derecho p\u00fablico no estatal, se le encomienda a la ANEP trabajar el cooperativismo en el aula. Seg\u00fan dijo, con el acuerdo firmado el mi\u00e9rcoles, la idea es seguir \u201cprofundizando\u201d en el trabajo conjunto entre ambas instituciones.<\/p>\n\n\n\n<p>En ese sentido, mencion\u00f3 que el cooperativismo es parte de los programas de Primaria, Secundaria y UTU, pero en particular destac\u00f3 que, a partir de lo resuelto&nbsp;el a\u00f1o pasado en el marco de la revisi\u00f3n a la transformaci\u00f3n curricular integral, Cooperativismo se incorpor\u00f3 a la oferta de materias optativas en primero de bachillerato.<\/p>\n\n\n\n<p>Seg\u00fan dijo Caggiani en la presentaci\u00f3n, el cooperativismo y la econom\u00eda solidaria cuentan con un \u201cencuadre de valores que son muy importantes en Uruguay para el arreglo de sociedad que pretendemos\u201d. En particular, valor\u00f3 que \u201chablar de cooperativismo es hablar de espacios solidarios donde se construye con igualdad, donde la forma de abordar las decisiones es de forma democr\u00e1tica\u201d.<\/p>\n\n\n\n<p>Respecto de la incorporaci\u00f3n de Cooperativismo como materia optativa, el presidente de la ANEP indic\u00f3 que la elaboraci\u00f3n del programa se est\u00e1 trabajando en conjunto con el Inacoop y que el instituto tambi\u00e9n trabaja en la formaci\u00f3n de los docentes que estar\u00e1n a cargo del curso. En cuanto a los contenidos que se pretende abordar, Caggiani mencion\u00f3 que tienen que ver \u201ccon la resoluci\u00f3n de problemas de la vida concreta\u201d, como la vivienda o el trabajo, hasta el abordaje de distintas \u00e1reas productivas. En referencia, ilustr\u00f3 que el cooperativismo tiene \u201cmucha presencia en el agro\u201d, desde una perspectiva que, por ejemplo, tiene en cuenta especialmente el cuidado del medioambiente para la producci\u00f3n.<\/p>\n\n\n\n<p>Por su parte, Flavia Carreto, presidenta en ejercicio del Inacoop, dijo durante la firma del convenio que es \u201cuna noticia maravillosa que Cooperativismo sea una materia optativa\u201d. Adem\u00e1s, hizo alusi\u00f3n a la posibilidad de continuar trabajando en el desarrollo de distintos \u201cproyectos territoriales con impacto local\u201d. En ese sentido, hay \u201ccantidad de proyectos que se trabajaron en los distintos departamentos con ni\u00f1os, adolescentes y docentes\u201d. Carreto manifest\u00f3 la intenci\u00f3n del Inacoop de continuar la l\u00ednea de formaci\u00f3n para docentes, de forma que tengan m\u00e1s herramientas a la hora de \u201cincorporar el cooperativismo y la econom\u00eda solidaria en la matriz de ense\u00f1anza\u201d.<\/p>\n","protected":false},"excerpt":{"rendered":"<p>23 DE MARZO LA DIARIA La Administraci\u00f3n Nacional de Educaci\u00f3n P\u00fablica (ANEP) y el Instituto Nacional de Cooperativismo (Inacoop) firmaron un acuerdo de cooperaci\u00f3n que profundiza el v\u00ednculo entre el sistema educativo y el sistema cooperativo, existente desde hace muchas d\u00e9cadas. Seg\u00fan inform\u00f3 el sitio web de Presidencia de la Rep\u00fablica, el acuerdo apunta a &hellip; <a href=\"https:\/\/audec.edu.uy\/index.php\/2026\/03\/23\/inacoop-y-anep-trabajan-en-elaboracion-de-programa-y-capacitacion-de-docentes-de-optativa-sobre-cooperativismo-en-bachillerato\/\" class=\"more-link\">Continue reading<span class=\"screen-reader-text\"> \u00abInacoop y ANEP trabajan en elaboraci\u00f3n de programa y capacitaci\u00f3n de docentes de optativa sobre cooperativismo en bachillerato\u00bb<\/span><\/a><\/p>\n","protected":false},"author":5,"featured_media":0,"comment_status":"closed","ping_status":"closed","sticky":false,"template":"","format":"standard","meta":{"_uag_custom_page_level_css":"","footnotes":""},"categories":[3],"tags":[],"class_list":["post-8728","post","type-post","status-publish","format-standard","hentry","category-7dias"],"uagb_featured_image_src":{"full":false,"thumbnail":false,"medium":false,"medium_large":false,"large":false,"1536x1536":false,"2048x2048":false,"post-thumbnail":false},"uagb_author_info":{"display_name":"Juan Pablo","author_link":"https:\/\/audec.edu.uy\/index.php\/author\/juan-pablo\/"},"uagb_comment_info":0,"uagb_excerpt":"23 DE MARZO LA DIARIA La Administraci\u00f3n Nacional de Educaci\u00f3n P\u00fablica (ANEP) y el Instituto Nacional de Cooperativismo (Inacoop) firmaron un acuerdo de cooperaci\u00f3n que profundiza el v\u00ednculo entre el sistema educativo y el sistema cooperativo, existente desde hace muchas d\u00e9cadas. Seg\u00fan inform\u00f3 el sitio web de Presidencia de la Rep\u00fablica, el acuerdo apunta a&hellip;","_links":{"self":[{"href":"https:\/\/audec.edu.uy\/index.php\/wp-json\/wp\/v2\/posts\/8728","targetHints":{"allow":["GET"]}}],"collection":[{"href":"https:\/\/audec.edu.uy\/index.php\/wp-json\/wp\/v2\/posts"}],"about":[{"href":"https:\/\/audec.edu.uy\/index.php\/wp-json\/wp\/v2\/types\/post"}],"author":[{"embeddable":true,"href":"https:\/\/audec.edu.uy\/index.php\/wp-json\/wp\/v2\/users\/5"}],"replies":[{"embeddable":true,"href":"https:\/\/audec.edu.uy\/index.php\/wp-json\/wp\/v2\/comments?post=8728"}],"version-history":[{"count":1,"href":"https:\/\/audec.edu.uy\/index.php\/wp-json\/wp\/v2\/posts\/8728\/revisions"}],"predecessor-version":[{"id":8729,"href":"https:\/\/audec.edu.uy\/index.php\/wp-json\/wp\/v2\/posts\/8728\/revisions\/8729"}],"wp:attachment":[{"href":"https:\/\/audec.edu.uy\/index.php\/wp-json\/wp\/v2\/media?parent=8728"}],"wp:term":[{"taxonomy":"category","embeddable":true,"href":"https:\/\/audec.edu.uy\/index.php\/wp-json\/wp\/v2\/categories?post=8728"},{"taxonomy":"post_tag","embeddable":true,"href":"https:\/\/audec.edu.uy\/index.php\/wp-json\/wp\/v2\/tags?post=8728"}],"curies":[{"name":"wp","href":"https:\/\/api.w.org\/{rel}","templated":true}]}}