{"id":8717,"date":"2026-03-21T11:23:17","date_gmt":"2026-03-21T14:23:17","guid":{"rendered":"https:\/\/audec.edu.uy\/?p=8717"},"modified":"2026-03-27T13:56:11","modified_gmt":"2026-03-27T16:56:11","slug":"a-dos-semanas-del-inicio-de-clases-interpretes-de-lengua-de-senas-uruguaya-que-acompanan-estudiantes-sordos-reclamaron-elegir-horas","status":"publish","type":"post","link":"https:\/\/audec.edu.uy\/index.php\/2026\/03\/21\/a-dos-semanas-del-inicio-de-clases-interpretes-de-lengua-de-senas-uruguaya-que-acompanan-estudiantes-sordos-reclamaron-elegir-horas\/","title":{"rendered":"A dos semanas del inicio de clases, Int\u00e9rpretes de Lengua de Se\u00f1as Uruguaya que acompa\u00f1an estudiantes sordos reclamaron elegir horas"},"content":{"rendered":"\n<p>21 DE MARZO<\/p>\n\n\n\n<p>LA DIARIA<\/p>\n\n\n\n<p>Int\u00e9rpretes de Lengua de Se\u00f1as Uruguaya (ILSU) de la Administraci\u00f3n Nacional de Educaci\u00f3n P\u00fablica (ANEP) que trabajan en Secundaria, Educaci\u00f3n T\u00e9cnico Profesional y Formaci\u00f3n Docente se movilizaron hoy en el Consejo Directivo Central (Codicen) de la ANEP en reclamo por falta de asignaci\u00f3n de horas.<\/p>\n\n\n\n<p>De la movilizaci\u00f3n tambi\u00e9n participaron estudiantes, exalumnos y familiares de estudiantes sordos que reclaman que a\u00fan hay alumnos con esta condici\u00f3n que no comenzaron las clases por falta de int\u00e9rpretes.<\/p>\n\n\n\n<p>Las demoras en la designaci\u00f3n de horas se presentan en tres de los subsistemas: Secundaria, Educaci\u00f3n T\u00e9cnico Profesional y el Consejo de Formaci\u00f3n en Educaci\u00f3n.<\/p>\n\n\n\n<p>Nataly V\u00e9lez, quien trabaja como int\u00e9rprete en Secundaria, se\u00f1al\u00f3 en di\u00e1logo con&nbsp;la diaria&nbsp;que \u201clos alumnos sordos\u201d tienen acceso a las clases en su propia lengua por medio de un int\u00e9rprete \u201cdesde hace 30 a\u00f1os\u201d y en UTU \u201caproximadamente hace 20 a\u00f1os\u201d. V\u00e9lez se\u00f1ala que a d\u00eda de hoy solo se ha asignado una parte de las horas, pero que todav\u00eda quedan \u201cmuchas\u201d horas sin cubrir.<\/p>\n\n\n\n<p>Sobre esto \u00faltimo, dijo que en los reclamos al Codicen se recalc\u00f3 que es \u201cincre\u00edble\u201d que, con esta trayectoria, a\u00fan tengan que existir movilizaciones y protestas en cada periodo de los comienzos de curso por las demoras sobre este tema.<\/p>\n\n\n\n<p>V\u00e9lez recalca que esta es una situaci\u00f3n que se viene arrastrando desde hace a\u00f1os, y que esto implica una vulneraci\u00f3n al derecho a la educaci\u00f3n para estas personas, ya que es una situaci\u00f3n que las mantiene excluidas del sistema.<\/p>\n\n\n\n<p>A su vez, agreg\u00f3 que en la instancia de hoy se solicit\u00f3 al Estado \u201cel cumplimiento de la ley\u201d para garantizar la accesibilidad de las personas sordas a su derecho a la educaci\u00f3n en \u201ctiempo y forma\u201d. Asimismo, pidieron que se resuelva la situaci\u00f3n actual \u201clo antes posible\u201d para agilizar la instancia de elecci\u00f3n, y adem\u00e1s, que se trabaje para evitar que esto vuelva a ocurrir en a\u00f1os siguientes.<\/p>\n\n\n\n<p>Por otra parte, se\u00f1alan que esta situaci\u00f3n no afecta solo a los estudiantes, sino que tambi\u00e9n deja a los trabajadores int\u00e9rpretes de la lengua sin un ingreso fijo, por lo tanto tambi\u00e9n, sin acceso a las garant\u00edas b\u00e1sicas como trabajadores.<\/p>\n\n\n\n<p>V\u00e9lez asegur\u00f3 que durante la movilizaci\u00f3n los recibieron en el Codicen los consejeros docentes Juli\u00e1n Mazzoni y Daysi Iglesias, quienes se hicieron presentes y recepcionaron sus planteos. En cuanto a esto, los consejeros se comunicaron con los distintos subsistemas y aseguraron que desde Secundaria les manifestaron que el pr\u00f3ximo lunes se realizar\u00eda la elecci\u00f3n de horas y, en el caso de UTU, comenz\u00f3 este viernes. De esa manera, se espera que las horas sin asignar queden otorgadas y todos los estudiantes sordos puedan iniciar las clases, aunque lo har\u00e1n varios d\u00edas despu\u00e9s del inicio del a\u00f1o lectivo.<\/p>\n","protected":false},"excerpt":{"rendered":"<p>21 DE MARZO LA DIARIA Int\u00e9rpretes de Lengua de Se\u00f1as Uruguaya (ILSU) de la Administraci\u00f3n Nacional de Educaci\u00f3n P\u00fablica (ANEP) que trabajan en Secundaria, Educaci\u00f3n T\u00e9cnico Profesional y Formaci\u00f3n Docente se movilizaron hoy en el Consejo Directivo Central (Codicen) de la ANEP en reclamo por falta de asignaci\u00f3n de horas. De la movilizaci\u00f3n tambi\u00e9n participaron &hellip; <a href=\"https:\/\/audec.edu.uy\/index.php\/2026\/03\/21\/a-dos-semanas-del-inicio-de-clases-interpretes-de-lengua-de-senas-uruguaya-que-acompanan-estudiantes-sordos-reclamaron-elegir-horas\/\" class=\"more-link\">Continue reading<span class=\"screen-reader-text\"> \u00abA dos semanas del inicio de clases, Int\u00e9rpretes de Lengua de Se\u00f1as Uruguaya que acompa\u00f1an estudiantes sordos reclamaron elegir horas\u00bb<\/span><\/a><\/p>\n","protected":false},"author":5,"featured_media":0,"comment_status":"closed","ping_status":"closed","sticky":false,"template":"","format":"standard","meta":{"_uag_custom_page_level_css":"","footnotes":""},"categories":[3],"tags":[],"class_list":["post-8717","post","type-post","status-publish","format-standard","hentry","category-7dias"],"uagb_featured_image_src":{"full":false,"thumbnail":false,"medium":false,"medium_large":false,"large":false,"1536x1536":false,"2048x2048":false,"post-thumbnail":false},"uagb_author_info":{"display_name":"Juan Pablo","author_link":"https:\/\/audec.edu.uy\/index.php\/author\/juan-pablo\/"},"uagb_comment_info":0,"uagb_excerpt":"21 DE MARZO LA DIARIA Int\u00e9rpretes de Lengua de Se\u00f1as Uruguaya (ILSU) de la Administraci\u00f3n Nacional de Educaci\u00f3n P\u00fablica (ANEP) que trabajan en Secundaria, Educaci\u00f3n T\u00e9cnico Profesional y Formaci\u00f3n Docente se movilizaron hoy en el Consejo Directivo Central (Codicen) de la ANEP en reclamo por falta de asignaci\u00f3n de horas. De la movilizaci\u00f3n tambi\u00e9n participaron&hellip;","_links":{"self":[{"href":"https:\/\/audec.edu.uy\/index.php\/wp-json\/wp\/v2\/posts\/8717","targetHints":{"allow":["GET"]}}],"collection":[{"href":"https:\/\/audec.edu.uy\/index.php\/wp-json\/wp\/v2\/posts"}],"about":[{"href":"https:\/\/audec.edu.uy\/index.php\/wp-json\/wp\/v2\/types\/post"}],"author":[{"embeddable":true,"href":"https:\/\/audec.edu.uy\/index.php\/wp-json\/wp\/v2\/users\/5"}],"replies":[{"embeddable":true,"href":"https:\/\/audec.edu.uy\/index.php\/wp-json\/wp\/v2\/comments?post=8717"}],"version-history":[{"count":1,"href":"https:\/\/audec.edu.uy\/index.php\/wp-json\/wp\/v2\/posts\/8717\/revisions"}],"predecessor-version":[{"id":8718,"href":"https:\/\/audec.edu.uy\/index.php\/wp-json\/wp\/v2\/posts\/8717\/revisions\/8718"}],"wp:attachment":[{"href":"https:\/\/audec.edu.uy\/index.php\/wp-json\/wp\/v2\/media?parent=8717"}],"wp:term":[{"taxonomy":"category","embeddable":true,"href":"https:\/\/audec.edu.uy\/index.php\/wp-json\/wp\/v2\/categories?post=8717"},{"taxonomy":"post_tag","embeddable":true,"href":"https:\/\/audec.edu.uy\/index.php\/wp-json\/wp\/v2\/tags?post=8717"}],"curies":[{"name":"wp","href":"https:\/\/api.w.org\/{rel}","templated":true}]}}