{"id":8613,"date":"2026-03-06T08:24:48","date_gmt":"2026-03-06T11:24:48","guid":{"rendered":"https:\/\/audec.edu.uy\/?p=8613"},"modified":"2026-03-06T08:24:48","modified_gmt":"2026-03-06T11:24:48","slug":"la-infancia-la-educacion-y-una-coartada-comoda-no-es-solo-la-pantalla","status":"publish","type":"post","link":"https:\/\/audec.edu.uy\/index.php\/2026\/03\/06\/la-infancia-la-educacion-y-una-coartada-comoda-no-es-solo-la-pantalla\/","title":{"rendered":"La infancia, la educaci\u00f3n y una coartada c\u00f3moda: no es solo la pantalla"},"content":{"rendered":"\n<p>5 DE MARZO<\/p>\n\n\n\n<p>EL OBSERVADOR<\/p>\n\n\n\n<p><strong>Por&nbsp;&nbsp;Juan Pedro Mir<\/strong><\/p>\n\n\n\n<p>Cada cierto tiempo, el debate sobre la infancia vuelve a ordenarse alrededor de un diagn\u00f3stico casi autom\u00e1tico: las pantallas deterioran la atenci\u00f3n, afectan la concentraci\u00f3n y perjudican el desempe\u00f1o escolar. La preocupaci\u00f3n es leg\u00edtima. Pero cuando la discusi\u00f3n se detiene ah\u00ed, gana visibilidad un objeto y pierde espesor una pregunta. Porque el problema de fondo no es solo tecnol\u00f3gico. Es pedag\u00f3gico, cultural y social.<\/p>\n\n\n\n<p>Las pantallas no act\u00faan en el vac\u00edo. Se insertan en un modelo de vida. Y ese modelo produce una paradoja inquietante: ni\u00f1os, ni\u00f1as y adolescentes aparecen, muchas veces, al mismo tiempo&nbsp;sobreexpuestos&nbsp;(a est\u00edmulos permanentes),&nbsp;sobrecargados&nbsp;(de tareas, actividades y exigencias) y&nbsp;empobrecidos en experiencia&nbsp;(con menos tiempo libre, menos juego, menos conversaci\u00f3n y menos vida cultural compartida).<\/p>\n\n\n\n<p>Reducir la crisis de atenci\u00f3n a las pantallas es, en ese marco, mirar el s\u00edntoma sin interrogar la organizaci\u00f3n de la vida que lo vuelve estructural.<\/p>\n\n\n\n<p>Nos preocupa que les cueste concentrarse, pero discutimos menos las condiciones bajo las cuales pretendemos que se concentren. Una sociedad que acelera todo \u2014consumo, comunicaci\u00f3n, aprendizaje, rendimiento\u2014 no puede sorprenderse de que la atenci\u00f3n se fragmente. Y una cultura que convierte tempranamente la infancia en una trayectoria de desempe\u00f1o tampoco deber\u00eda extra\u00f1arse de la ansiedad, el cansancio y la dificultad para sostener el esfuerzo.<\/p>\n\n\n\n<p>Por eso, el debate p\u00fablico suele ser m\u00e1s c\u00f3modo que profundo. Se denuncia el exceso de pantallas, pero se evita discutir la colonizaci\u00f3n del tiempo infantil por la l\u00f3gica del rendimiento. Se pide menos est\u00edmulo digital, pero no siempre se ofrece m\u00e1s mundo. Y, sin esa discusi\u00f3n, la cr\u00edtica corre el riesgo de volverse moralista: prescribe restricciones sin revisar las condiciones de vida.<\/p>\n\n\n\n<p>Regular pantallas puede ser necesario. Pero no alcanza. No basta con quitar un dispositivo si se mantiene intacta una vida saturada, hiperorganizada y pobre en experiencias significativas. La pregunta central no es solo cu\u00e1nto tiempo pasan frente a una pantalla, sino&nbsp;qu\u00e9&nbsp;tipo de atenci\u00f3n, cuidado y formaci\u00f3n estamos haciendo posible.<\/p>\n\n\n\n<p>En ese punto, la escuela tiene una responsabilidad decisiva: no competir con la l\u00f3gica del est\u00edmulo permanente, sino ofrecer otra experiencia del tiempo. Un espacio donde la atenci\u00f3n no sea solo control, sino v\u00ednculo con el mundo; donde leer, pensar, conversar y preguntar no aparezcan como restos de una \u00e9poca lenta, sino como pr\u00e1cticas formativas centrales.<\/p>\n\n\n\n<p>Si la escuela adopta, sin distancia cr\u00edtica, la ansiedad de rendimiento que domina la vida social, pierde una parte esencial de su fuerza p\u00fablica.<\/p>\n\n\n\n<p>Lo mismo vale para las familias, que no necesitan sermones sino una discusi\u00f3n social m\u00e1s honesta. Educar hoy ocurre bajo condiciones de cansancio, presi\u00f3n laboral y captura digital de la atenci\u00f3n. Por eso, el problema no se resuelve repartiendo culpas, sino reconstruyendo criterios de cuidado.<\/p>\n\n\n\n<p>La pantalla importa, sin duda. Pero si solo hablamos de pantallas, evitamos la pregunta decisiva:&nbsp;qu\u00e9&nbsp;modelo de infancia estamos produciendo. Y esa pregunta \u2014m\u00e1s inc\u00f3moda, m\u00e1s pol\u00edtica y m\u00e1s f\u00e9rtil\u2014 es la que deber\u00eda ordenar el debate.<\/p>\n","protected":false},"excerpt":{"rendered":"<p>5 DE MARZO EL OBSERVADOR Por&nbsp;&nbsp;Juan Pedro Mir Cada cierto tiempo, el debate sobre la infancia vuelve a ordenarse alrededor de un diagn\u00f3stico casi autom\u00e1tico: las pantallas deterioran la atenci\u00f3n, afectan la concentraci\u00f3n y perjudican el desempe\u00f1o escolar. La preocupaci\u00f3n es leg\u00edtima. Pero cuando la discusi\u00f3n se detiene ah\u00ed, gana visibilidad un objeto y pierde &hellip; <a href=\"https:\/\/audec.edu.uy\/index.php\/2026\/03\/06\/la-infancia-la-educacion-y-una-coartada-comoda-no-es-solo-la-pantalla\/\" class=\"more-link\">Continue reading<span class=\"screen-reader-text\"> \u00abLa infancia, la educaci\u00f3n y una coartada c\u00f3moda: no es solo la pantalla\u00bb<\/span><\/a><\/p>\n","protected":false},"author":5,"featured_media":0,"comment_status":"closed","ping_status":"closed","sticky":false,"template":"","format":"standard","meta":{"_uag_custom_page_level_css":"","footnotes":""},"categories":[3],"tags":[],"class_list":["post-8613","post","type-post","status-publish","format-standard","hentry","category-7dias"],"uagb_featured_image_src":{"full":false,"thumbnail":false,"medium":false,"medium_large":false,"large":false,"1536x1536":false,"2048x2048":false,"post-thumbnail":false},"uagb_author_info":{"display_name":"Juan Pablo","author_link":"https:\/\/audec.edu.uy\/index.php\/author\/juan-pablo\/"},"uagb_comment_info":0,"uagb_excerpt":"5 DE MARZO EL OBSERVADOR Por&nbsp;&nbsp;Juan Pedro Mir Cada cierto tiempo, el debate sobre la infancia vuelve a ordenarse alrededor de un diagn\u00f3stico casi autom\u00e1tico: las pantallas deterioran la atenci\u00f3n, afectan la concentraci\u00f3n y perjudican el desempe\u00f1o escolar. La preocupaci\u00f3n es leg\u00edtima. Pero cuando la discusi\u00f3n se detiene ah\u00ed, gana visibilidad un objeto y pierde&hellip;","_links":{"self":[{"href":"https:\/\/audec.edu.uy\/index.php\/wp-json\/wp\/v2\/posts\/8613","targetHints":{"allow":["GET"]}}],"collection":[{"href":"https:\/\/audec.edu.uy\/index.php\/wp-json\/wp\/v2\/posts"}],"about":[{"href":"https:\/\/audec.edu.uy\/index.php\/wp-json\/wp\/v2\/types\/post"}],"author":[{"embeddable":true,"href":"https:\/\/audec.edu.uy\/index.php\/wp-json\/wp\/v2\/users\/5"}],"replies":[{"embeddable":true,"href":"https:\/\/audec.edu.uy\/index.php\/wp-json\/wp\/v2\/comments?post=8613"}],"version-history":[{"count":1,"href":"https:\/\/audec.edu.uy\/index.php\/wp-json\/wp\/v2\/posts\/8613\/revisions"}],"predecessor-version":[{"id":8614,"href":"https:\/\/audec.edu.uy\/index.php\/wp-json\/wp\/v2\/posts\/8613\/revisions\/8614"}],"wp:attachment":[{"href":"https:\/\/audec.edu.uy\/index.php\/wp-json\/wp\/v2\/media?parent=8613"}],"wp:term":[{"taxonomy":"category","embeddable":true,"href":"https:\/\/audec.edu.uy\/index.php\/wp-json\/wp\/v2\/categories?post=8613"},{"taxonomy":"post_tag","embeddable":true,"href":"https:\/\/audec.edu.uy\/index.php\/wp-json\/wp\/v2\/tags?post=8613"}],"curies":[{"name":"wp","href":"https:\/\/api.w.org\/{rel}","templated":true}]}}