{"id":8611,"date":"2026-03-06T08:24:35","date_gmt":"2026-03-06T11:24:35","guid":{"rendered":"https:\/\/audec.edu.uy\/?p=8611"},"modified":"2026-03-06T08:24:35","modified_gmt":"2026-03-06T11:24:35","slug":"ceibal-informo-que-falla-tecnica-detectada-en-los-modelos-de-laptops-acrab-2025-ya-tiene-solucion","status":"publish","type":"post","link":"https:\/\/audec.edu.uy\/index.php\/2026\/03\/06\/ceibal-informo-que-falla-tecnica-detectada-en-los-modelos-de-laptops-acrab-2025-ya-tiene-solucion\/","title":{"rendered":"Ceibal inform\u00f3 que falla t\u00e9cnica detectada en los modelos de laptops Acrab 2025 ya tiene soluci\u00f3n"},"content":{"rendered":"\n<p>5 DE MARZO<\/p>\n\n\n\n<p>LA DIARIA<\/p>\n\n\n\n<p>Ceibal inform\u00f3 que su equipo t\u00e9cnico desarroll\u00f3 una soluci\u00f3n para reparar la falla detectada en los modelos de laptops Acrab 2025, anunciada por el organismo en enero, y asegur\u00f3 que las reparaciones ser\u00e1n gratuitas y se realizar\u00e1n directamente en los centros educativos.<\/p>\n\n\n\n<p>El organismo hab\u00eda identificado una falla en estos equipos que podr\u00eda provocar el recalentamiento de la bater\u00eda y, en determinadas circunstancias, causar da\u00f1os permanentes e incluso riesgo de quemaduras. Por ese motivo, Ceibal solicit\u00f3 a los usuarios dejar de utilizarlos, que los apaguen y desenchufen hasta que sean reparados.<\/p>\n\n\n\n<p>Actualmente, las reparaciones estar\u00e1n a cargo de equipos t\u00e9cnicos de Ceibal que visitar\u00e1n centros educativos de Canelones, Colonia, Florida, Lavalleja, Montevideo, R\u00edo Negro, Rivera y Soriano. Los dispositivos deber\u00e1n entregarse sin cargador y con los siguientes datos de contacto: nombre, c\u00e9dula, tel\u00e9fono y correo electr\u00f3nico.<\/p>\n\n\n\n<p>Adem\u00e1s, el organismo aclar\u00f3 que no se detectaron inconvenientes en otros modelos de laptops o tablets, por lo que el plan de reparaci\u00f3n se limita exclusivamente al modelo Acrab 2025.<\/p>\n\n\n\n<p>Ceibal inform\u00f3 a su vez que el calendario de visitas de reparaci\u00f3n est\u00e1 disponible en su sitio web oficial, y agreg\u00f3 que ante cualquier consulta est\u00e1n disponibles sus las v\u00edas de comunicaci\u00f3n mediante su l\u00ednea telef\u00f3nica 0800 2342, *2342 desde celulares, o por el correo electr\u00f3nico&nbsp;<a href=\"mailto:ceibal@ceibal.edu.uy\">ceibal@ceibal.edu.uy<\/a>.<\/p>\n","protected":false},"excerpt":{"rendered":"<p>5 DE MARZO LA DIARIA Ceibal inform\u00f3 que su equipo t\u00e9cnico desarroll\u00f3 una soluci\u00f3n para reparar la falla detectada en los modelos de laptops Acrab 2025, anunciada por el organismo en enero, y asegur\u00f3 que las reparaciones ser\u00e1n gratuitas y se realizar\u00e1n directamente en los centros educativos. El organismo hab\u00eda identificado una falla en estos &hellip; <a href=\"https:\/\/audec.edu.uy\/index.php\/2026\/03\/06\/ceibal-informo-que-falla-tecnica-detectada-en-los-modelos-de-laptops-acrab-2025-ya-tiene-solucion\/\" class=\"more-link\">Continue reading<span class=\"screen-reader-text\"> \u00abCeibal inform\u00f3 que falla t\u00e9cnica detectada en los modelos de laptops Acrab 2025 ya tiene soluci\u00f3n\u00bb<\/span><\/a><\/p>\n","protected":false},"author":5,"featured_media":0,"comment_status":"closed","ping_status":"closed","sticky":false,"template":"","format":"standard","meta":{"_uag_custom_page_level_css":"","footnotes":""},"categories":[3],"tags":[],"class_list":["post-8611","post","type-post","status-publish","format-standard","hentry","category-7dias"],"uagb_featured_image_src":{"full":false,"thumbnail":false,"medium":false,"medium_large":false,"large":false,"1536x1536":false,"2048x2048":false,"post-thumbnail":false},"uagb_author_info":{"display_name":"Juan Pablo","author_link":"https:\/\/audec.edu.uy\/index.php\/author\/juan-pablo\/"},"uagb_comment_info":0,"uagb_excerpt":"5 DE MARZO LA DIARIA Ceibal inform\u00f3 que su equipo t\u00e9cnico desarroll\u00f3 una soluci\u00f3n para reparar la falla detectada en los modelos de laptops Acrab 2025, anunciada por el organismo en enero, y asegur\u00f3 que las reparaciones ser\u00e1n gratuitas y se realizar\u00e1n directamente en los centros educativos. El organismo hab\u00eda identificado una falla en estos&hellip;","_links":{"self":[{"href":"https:\/\/audec.edu.uy\/index.php\/wp-json\/wp\/v2\/posts\/8611","targetHints":{"allow":["GET"]}}],"collection":[{"href":"https:\/\/audec.edu.uy\/index.php\/wp-json\/wp\/v2\/posts"}],"about":[{"href":"https:\/\/audec.edu.uy\/index.php\/wp-json\/wp\/v2\/types\/post"}],"author":[{"embeddable":true,"href":"https:\/\/audec.edu.uy\/index.php\/wp-json\/wp\/v2\/users\/5"}],"replies":[{"embeddable":true,"href":"https:\/\/audec.edu.uy\/index.php\/wp-json\/wp\/v2\/comments?post=8611"}],"version-history":[{"count":1,"href":"https:\/\/audec.edu.uy\/index.php\/wp-json\/wp\/v2\/posts\/8611\/revisions"}],"predecessor-version":[{"id":8612,"href":"https:\/\/audec.edu.uy\/index.php\/wp-json\/wp\/v2\/posts\/8611\/revisions\/8612"}],"wp:attachment":[{"href":"https:\/\/audec.edu.uy\/index.php\/wp-json\/wp\/v2\/media?parent=8611"}],"wp:term":[{"taxonomy":"category","embeddable":true,"href":"https:\/\/audec.edu.uy\/index.php\/wp-json\/wp\/v2\/categories?post=8611"},{"taxonomy":"post_tag","embeddable":true,"href":"https:\/\/audec.edu.uy\/index.php\/wp-json\/wp\/v2\/tags?post=8611"}],"curies":[{"name":"wp","href":"https:\/\/api.w.org\/{rel}","templated":true}]}}