{"id":8602,"date":"2026-03-06T08:27:46","date_gmt":"2026-03-06T11:27:46","guid":{"rendered":"https:\/\/audec.edu.uy\/?p=8602"},"modified":"2026-03-06T08:27:46","modified_gmt":"2026-03-06T11:27:46","slug":"la-escuela-de-educacion-artistica-no125-sera-la-primera-inclusiva-en-el-departamento-de-florida","status":"publish","type":"post","link":"https:\/\/audec.edu.uy\/index.php\/2026\/03\/06\/la-escuela-de-educacion-artistica-no125-sera-la-primera-inclusiva-en-el-departamento-de-florida\/","title":{"rendered":"La Escuela de Educaci\u00f3n Art\u00edstica N\u00ba125 ser\u00e1 la primera inclusiva en el departamento de Florida"},"content":{"rendered":"\n<p>4 DE MARZO<\/p>\n\n\n\n<p>LA REPUBLICA<\/p>\n\n\n\n<p>La Escuela de Educaci\u00f3n Art\u00edstica N\u00ba125 marcar\u00e1 un hito en el departamento al convertirse en la primera instituci\u00f3n educativa con perfil plenamente inclusivo en Florida, consolidando un modelo que integra ense\u00f1anza art\u00edstica y accesibilidad para todos los estudiantes.<\/p>\n\n\n\n<p>La iniciativa apunta a garantizar que ni\u00f1os y ni\u00f1as con distintas capacidades puedan acceder en igualdad de condiciones a la formaci\u00f3n en m\u00fasica, teatro, danza y artes visuales, eliminando barreras f\u00edsicas, pedag\u00f3gicas y comunicacionales. El proyecto contempla adecuaciones edilicias, incorporaci\u00f3n de recursos did\u00e1cticos adaptados y capacitaci\u00f3n espec\u00edfica para el cuerpo docente.<\/p>\n\n\n\n<p>Desde las autoridades educativas se destac\u00f3 que la inclusi\u00f3n no se limitar\u00e1 a la infraestructura \u2014como rampas, se\u00f1al\u00e9tica accesible o espacios adecuados\u2014 sino que implicar\u00e1 un cambio en la mirada pedag\u00f3gica. Se trabajar\u00e1 con estrategias de ense\u00f1anza diversificadas, apoyos personalizados y articulaci\u00f3n con equipos t\u00e9cnicos especializados para acompa\u00f1ar a estudiantes con discapacidad motriz, sensorial, intelectual o trastornos del espectro autista.<\/p>\n\n\n\n<p>El enfoque busca que el arte sea una herramienta de integraci\u00f3n real, promoviendo la participaci\u00f3n activa y el desarrollo de talentos sin exclusiones. La educaci\u00f3n art\u00edstica, por su car\u00e1cter expresivo y creativo, ofrece un \u00e1mbito especialmente propicio para fortalecer la autoestima, la comunicaci\u00f3n y la convivencia.<\/p>\n\n\n\n<p>La comunidad educativa valor\u00f3 el paso como un avance hist\u00f3rico para el departamento, ya que hasta ahora no exist\u00eda una instituci\u00f3n art\u00edstica con estas caracter\u00edsticas integrales. Se prev\u00e9 que el modelo pueda replicarse en otras escuelas si los resultados son positivos.<\/p>\n\n\n\n<p>La transformaci\u00f3n de la Escuela N\u00ba125 representa no solo una mejora estructural, sino tambi\u00e9n un compromiso con el derecho a la educaci\u00f3n inclusiva, en l\u00ednea con las pol\u00edticas nacionales que promueven igualdad de oportunidades y respeto a la diversidad.<\/p>\n\n\n\n<p>Con esta iniciativa, Florida da un paso significativo hacia un sistema educativo m\u00e1s accesible y equitativo, donde el arte se convierte en puente de inclusi\u00f3n y no en una barrera m\u00e1s.<\/p>\n","protected":false},"excerpt":{"rendered":"<p>4 DE MARZO LA REPUBLICA La Escuela de Educaci\u00f3n Art\u00edstica N\u00ba125 marcar\u00e1 un hito en el departamento al convertirse en la primera instituci\u00f3n educativa con perfil plenamente inclusivo en Florida, consolidando un modelo que integra ense\u00f1anza art\u00edstica y accesibilidad para todos los estudiantes. La iniciativa apunta a garantizar que ni\u00f1os y ni\u00f1as con distintas capacidades &hellip; <a href=\"https:\/\/audec.edu.uy\/index.php\/2026\/03\/06\/la-escuela-de-educacion-artistica-no125-sera-la-primera-inclusiva-en-el-departamento-de-florida\/\" class=\"more-link\">Continue reading<span class=\"screen-reader-text\"> \u00abLa Escuela de Educaci\u00f3n Art\u00edstica N\u00ba125 ser\u00e1 la primera inclusiva en el departamento de Florida\u00bb<\/span><\/a><\/p>\n","protected":false},"author":5,"featured_media":0,"comment_status":"closed","ping_status":"closed","sticky":false,"template":"","format":"standard","meta":{"_uag_custom_page_level_css":"","footnotes":""},"categories":[3],"tags":[],"class_list":["post-8602","post","type-post","status-publish","format-standard","hentry","category-7dias"],"uagb_featured_image_src":{"full":false,"thumbnail":false,"medium":false,"medium_large":false,"large":false,"1536x1536":false,"2048x2048":false,"post-thumbnail":false},"uagb_author_info":{"display_name":"Juan Pablo","author_link":"https:\/\/audec.edu.uy\/index.php\/author\/juan-pablo\/"},"uagb_comment_info":0,"uagb_excerpt":"4 DE MARZO LA REPUBLICA La Escuela de Educaci\u00f3n Art\u00edstica N\u00ba125 marcar\u00e1 un hito en el departamento al convertirse en la primera instituci\u00f3n educativa con perfil plenamente inclusivo en Florida, consolidando un modelo que integra ense\u00f1anza art\u00edstica y accesibilidad para todos los estudiantes. La iniciativa apunta a garantizar que ni\u00f1os y ni\u00f1as con distintas capacidades&hellip;","_links":{"self":[{"href":"https:\/\/audec.edu.uy\/index.php\/wp-json\/wp\/v2\/posts\/8602","targetHints":{"allow":["GET"]}}],"collection":[{"href":"https:\/\/audec.edu.uy\/index.php\/wp-json\/wp\/v2\/posts"}],"about":[{"href":"https:\/\/audec.edu.uy\/index.php\/wp-json\/wp\/v2\/types\/post"}],"author":[{"embeddable":true,"href":"https:\/\/audec.edu.uy\/index.php\/wp-json\/wp\/v2\/users\/5"}],"replies":[{"embeddable":true,"href":"https:\/\/audec.edu.uy\/index.php\/wp-json\/wp\/v2\/comments?post=8602"}],"version-history":[{"count":1,"href":"https:\/\/audec.edu.uy\/index.php\/wp-json\/wp\/v2\/posts\/8602\/revisions"}],"predecessor-version":[{"id":8603,"href":"https:\/\/audec.edu.uy\/index.php\/wp-json\/wp\/v2\/posts\/8602\/revisions\/8603"}],"wp:attachment":[{"href":"https:\/\/audec.edu.uy\/index.php\/wp-json\/wp\/v2\/media?parent=8602"}],"wp:term":[{"taxonomy":"category","embeddable":true,"href":"https:\/\/audec.edu.uy\/index.php\/wp-json\/wp\/v2\/categories?post=8602"},{"taxonomy":"post_tag","embeddable":true,"href":"https:\/\/audec.edu.uy\/index.php\/wp-json\/wp\/v2\/tags?post=8602"}],"curies":[{"name":"wp","href":"https:\/\/api.w.org\/{rel}","templated":true}]}}