{"id":8600,"date":"2026-03-06T08:24:59","date_gmt":"2026-03-06T11:24:59","guid":{"rendered":"https:\/\/audec.edu.uy\/?p=8600"},"modified":"2026-03-06T08:24:59","modified_gmt":"2026-03-06T11:24:59","slug":"liceo-n-2-de-colonia-prohibe-el-uso-de-celulares-en-clase-e-insto-a-cuidar-la-atencion-y-los-vinculos","status":"publish","type":"post","link":"https:\/\/audec.edu.uy\/index.php\/2026\/03\/06\/liceo-n-2-de-colonia-prohibe-el-uso-de-celulares-en-clase-e-insto-a-cuidar-la-atencion-y-los-vinculos\/","title":{"rendered":"Liceo N\u00b0 2 de Colonia prohibe el uso de celulares en clase e inst\u00f3 a \u201ccuidar la atenci\u00f3n y los v\u00ednculos\u201d"},"content":{"rendered":"\n<p>4 DE MARZO<\/p>\n\n\n\n<p>LA DIARIA<\/p>\n\n\n\n<p>El Liceo N\u00b0 2 de Colonia del Sacramento comunic\u00f3 que no estar\u00e1 permitido el uso de tel\u00e9fonos celulares durante la jornada educativa, tanto en clases como en otras actividades desarrolladas dentro de la instituci\u00f3n y en salidas did\u00e1cticas.<\/p>\n\n\n\n<p>La decisi\u00f3n fue difundida mediante un comunicado dirigido a estudiantes y familias, en el cual la sala docente fundamenta la medida en la necesidad de \u201casegurar la atenci\u00f3n en clase y fortalecer los v\u00ednculos interpersonales dentro de la comunidad educativa\u201d. Asimismo, subraya que la instituci\u00f3n apuesta a generar un clima de trabajo que favorezca la concentraci\u00f3n, el intercambio presencial y la participaci\u00f3n activa en el aula.<\/p>\n\n\n\n<p>El comunicado tambi\u00e9n aclara que la medida rige durante todo el horario escolar y alcanza a las actividades organizadas por el liceo fuera del edificio. Al mismo tiempo, establece que, ante situaciones de urgencia, la comunicaci\u00f3n con las familias se canalizar\u00e1 a trav\u00e9s de los medios institucionales habituales \u2014adscripci\u00f3n y direcci\u00f3n\u2014, procurando garantizar que ning\u00fan estudiante quede incomunicado ante una eventualidad.<\/p>\n\n\n\n<p>Adem\u00e1s, el centro recomienda a los estudiantes hacer uso de las computadoras port\u00e1tiles entregadas por el Plan Ceibal, que seguir\u00e1n siendo herramienta de trabajo pedag\u00f3gico cuando el docente as\u00ed lo disponga.<\/p>\n\n\n\n<p>En Carmelo, la comunidad educativa del Liceo N\u00b0 1 tambi\u00e9n adopt\u00f3 una determinaci\u00f3n en el mismo sentido. Seg\u00fan fue comunicado en redes sociales, no se permitir\u00e1 el uso de celulares dentro del centro educativo.<\/p>\n","protected":false},"excerpt":{"rendered":"<p>4 DE MARZO LA DIARIA El Liceo N\u00b0 2 de Colonia del Sacramento comunic\u00f3 que no estar\u00e1 permitido el uso de tel\u00e9fonos celulares durante la jornada educativa, tanto en clases como en otras actividades desarrolladas dentro de la instituci\u00f3n y en salidas did\u00e1cticas. La decisi\u00f3n fue difundida mediante un comunicado dirigido a estudiantes y familias, &hellip; <a href=\"https:\/\/audec.edu.uy\/index.php\/2026\/03\/06\/liceo-n-2-de-colonia-prohibe-el-uso-de-celulares-en-clase-e-insto-a-cuidar-la-atencion-y-los-vinculos\/\" class=\"more-link\">Continue reading<span class=\"screen-reader-text\"> \u00abLiceo N\u00b0 2 de Colonia prohibe el uso de celulares en clase e inst\u00f3 a \u201ccuidar la atenci\u00f3n y los v\u00ednculos\u201d\u00bb<\/span><\/a><\/p>\n","protected":false},"author":5,"featured_media":0,"comment_status":"closed","ping_status":"closed","sticky":false,"template":"","format":"standard","meta":{"_uag_custom_page_level_css":"","footnotes":""},"categories":[3],"tags":[],"class_list":["post-8600","post","type-post","status-publish","format-standard","hentry","category-7dias"],"uagb_featured_image_src":{"full":false,"thumbnail":false,"medium":false,"medium_large":false,"large":false,"1536x1536":false,"2048x2048":false,"post-thumbnail":false},"uagb_author_info":{"display_name":"Juan Pablo","author_link":"https:\/\/audec.edu.uy\/index.php\/author\/juan-pablo\/"},"uagb_comment_info":0,"uagb_excerpt":"4 DE MARZO LA DIARIA El Liceo N\u00b0 2 de Colonia del Sacramento comunic\u00f3 que no estar\u00e1 permitido el uso de tel\u00e9fonos celulares durante la jornada educativa, tanto en clases como en otras actividades desarrolladas dentro de la instituci\u00f3n y en salidas did\u00e1cticas. La decisi\u00f3n fue difundida mediante un comunicado dirigido a estudiantes y familias,&hellip;","_links":{"self":[{"href":"https:\/\/audec.edu.uy\/index.php\/wp-json\/wp\/v2\/posts\/8600","targetHints":{"allow":["GET"]}}],"collection":[{"href":"https:\/\/audec.edu.uy\/index.php\/wp-json\/wp\/v2\/posts"}],"about":[{"href":"https:\/\/audec.edu.uy\/index.php\/wp-json\/wp\/v2\/types\/post"}],"author":[{"embeddable":true,"href":"https:\/\/audec.edu.uy\/index.php\/wp-json\/wp\/v2\/users\/5"}],"replies":[{"embeddable":true,"href":"https:\/\/audec.edu.uy\/index.php\/wp-json\/wp\/v2\/comments?post=8600"}],"version-history":[{"count":1,"href":"https:\/\/audec.edu.uy\/index.php\/wp-json\/wp\/v2\/posts\/8600\/revisions"}],"predecessor-version":[{"id":8601,"href":"https:\/\/audec.edu.uy\/index.php\/wp-json\/wp\/v2\/posts\/8600\/revisions\/8601"}],"wp:attachment":[{"href":"https:\/\/audec.edu.uy\/index.php\/wp-json\/wp\/v2\/media?parent=8600"}],"wp:term":[{"taxonomy":"category","embeddable":true,"href":"https:\/\/audec.edu.uy\/index.php\/wp-json\/wp\/v2\/categories?post=8600"},{"taxonomy":"post_tag","embeddable":true,"href":"https:\/\/audec.edu.uy\/index.php\/wp-json\/wp\/v2\/tags?post=8600"}],"curies":[{"name":"wp","href":"https:\/\/api.w.org\/{rel}","templated":true}]}}