{"id":8598,"date":"2026-03-06T08:27:37","date_gmt":"2026-03-06T11:27:37","guid":{"rendered":"https:\/\/audec.edu.uy\/?p=8598"},"modified":"2026-03-06T08:27:37","modified_gmt":"2026-03-06T11:27:37","slug":"manuel-orono-tras-el-inicio-de-clases-en-secundaria-las-condiciones-estan-muy-bien-aunque-no-son-las-ideales","status":"publish","type":"post","link":"https:\/\/audec.edu.uy\/index.php\/2026\/03\/06\/manuel-orono-tras-el-inicio-de-clases-en-secundaria-las-condiciones-estan-muy-bien-aunque-no-son-las-ideales\/","title":{"rendered":"Manuel Oro\u00f1o tras el inicio de clases en Secundaria: \u201cLas condiciones est\u00e1n muy bien, aunque no son las ideales\u201d"},"content":{"rendered":"\n<p>4 DE MARZO<\/p>\n\n\n\n<p>LA DIARIA<\/p>\n\n\n\n<p>El titular de la Direcci\u00f3n General de Educaci\u00f3n Secundaria (DGES), Manuel Oro\u00f1o, acudi\u00f3 este martes al inicio de clases en el liceo 23 Hugo Licandro Mart\u00ednez, de Sayago, que aloja a alumnos de ciclo b\u00e1sico. Durante la jornada se realiz\u00f3 una bienvenida a los estudiantes,&nbsp;tal como sucedi\u00f3 en la jornada de este lunes en la escuela 89. Junto con \u00e9l se presentaron otras autoridades de la Administraci\u00f3n Nacional de Educaci\u00f3n P\u00fablica (ANEP), como su presidente, Pablo Caggiani, y el ministro de Educaci\u00f3n y Cultura, Jos\u00e9 Carlos Mah\u00eda.<\/p>\n\n\n\n<p>La matr\u00edcula de Secundaria para este inicio de clases es de 215.000 estudiantes distribuidos en 312 liceos de todo el pa\u00eds. As\u00ed lo inform\u00f3 Oro\u00f1o durante la jornada de este martes, y si bien asegur\u00f3 que las condiciones para el comienzo de clases se presentan \u201cmuy bien\u201d, tambi\u00e9n admiti\u00f3 que comprenden \u201calgunas dificultades\u201d. \u201cLas condiciones est\u00e1n muy bien, aunque no son las ideales\u201d, complet\u00f3.<\/p>\n\n\n\n<p>Este a\u00f1o el liceo 23 suma a su matr\u00edcula 250 nuevos alumnos de s\u00e9ptimo a\u00f1o, comparti\u00f3 su director, Julio Oddone, durante la bienvenida. Por su parte, Oro\u00f1o recalc\u00f3 durante el encuentro el compromiso de la ANEP de garantizar el derecho a la educaci\u00f3n p\u00fablica para todas y todos, y agreg\u00f3 que para eso es necesario contar con \u201cel apoyo y el acompa\u00f1amiento de todas las familias\u201d.<\/p>\n\n\n\n<p>Por otra parte, el director de la DGES se\u00f1al\u00f3 que \u201cno aprendemos en soledad\u201d y que para poder hacerlo es necesario \u201cgenerar v\u00ednculos con otros humanos\u201d. Por eso mismo, asegur\u00f3 que es \u201cmuy importante el di\u00e1logo, una escucha atenta y la conformaci\u00f3n de comunidades educativas que permitan la construcci\u00f3n del conocimiento significativo\u201d.<\/p>\n\n\n\n<p><strong>\u00bfEn qu\u00e9 condiciones comienzan las clases en Secundaria?<\/strong><\/p>\n\n\n\n<p>En este contexto, Oro\u00f1o respondi\u00f3 en rueda de prensa sobre algunos puntos vinculados a las condiciones en las que comienzan las clases en Secundaria, y se\u00f1al\u00f3 que el 93% de las horas del subsistema ya fueron asignadas a profesores en todo el pa\u00eds.<\/p>\n\n\n\n<p>Por otra parte, asegur\u00f3 que ning\u00fan grupo de s\u00e9ptimo u octavo a\u00f1o presenta superpoblaci\u00f3n en liceos del territorio nacional, mientras que sostuvo que este comienzo del a\u00f1o lectivo es \u201cbueno\u201d.<\/p>\n\n\n\n<p>Sin embargo, se\u00f1al\u00f3 que hay zonas donde existe \u201cm\u00e1s complejidad\u201d e hizo referencia a barrios de Montevideo, como La Teja o el Cerro, donde algunos liceos de ciclo b\u00e1sico presentan una alta demanda de matriculaci\u00f3n y una capacidad insuficiente para albergar a toda la poblaci\u00f3n estudiantil. En ese sentido, explic\u00f3 que la situaci\u00f3n se intenta resolver mediante la creaci\u00f3n de nuevos grupos o la redistribuci\u00f3n de estudiantes a otros liceos cercanos.<\/p>\n\n\n\n<p>En cuanto a las condiciones edilicias de los centros educativos, Oro\u00f1o se refiri\u00f3 a la situaci\u00f3n del liceo 8 de Montevideo,&nbsp;tal como lo hab\u00eda hecho d\u00edas atr\u00e1s el presidente de la ANEP. Seg\u00fan explicaron las autoridades, este centro no comenzar\u00e1 los cursos esta semana, ya que se prev\u00e9 una mudanza del establecimiento \u2013por un per\u00edodo a\u00fan indeterminado\u2013 debido a da\u00f1os que sufri\u00f3 su estructura a ra\u00edz de las obras de un edificio lindero. Respecto a esto, Oro\u00f1o no dio explicaciones sobre cu\u00e1ndo comenzar\u00e1n las clases para estos estudiantes ni cu\u00e1ndo se concretar\u00e1 por completo la mudanza.<\/p>\n\n\n\n<p>Sobre el mismo asunto, tambi\u00e9n se\u00f1al\u00f3 que, aunque \u201clleva tiempo\u201d, se est\u00e1n tomando medidas para la construcci\u00f3n de nuevos edificios, y mencion\u00f3 las obras de anexos en la localidad de Las Piedras y el liceo Paso Carrasco 2, que comprende grupos de bachillerato y donde hasta el momento exist\u00eda un solo centro. En cuanto al plan de futuras obras, dijo que \u201cest\u00e1 previsto una progresiva construcci\u00f3n de obra nueva y de mantenimiento\u201d para asegurar \u201cmejores condiciones\u201d.<\/p>\n\n\n\n<p><strong>\u201cApostamos mucho a que se genere una comunidad educativa y se mejoren los v\u00ednculos intraliceo y con las familias\u201d<\/strong><\/p>\n\n\n\n<p>En el marco del inicio de cursos, las autoridades recordaron algunos beneficios disponibles para los estudiantes.&nbsp;Este es el caso de las becas Buti\u00e1, cuyo per\u00edodo de inscripci\u00f3n se extiende hasta el 16 de marzo, seg\u00fan record\u00f3 Oro\u00f1o. A su vez, hizo referencia a la instalaci\u00f3n de 28 nuevos comedores en liceos, un beneficio vinculado a la ampliaci\u00f3n del tiempo educativo. \u201cEn este momento, a nivel de ense\u00f1anza media, junto con UTU, estamos alimentando a 20.000 estudiantes y vamos a pasar a 40.000\u201d, asegur\u00f3, y se\u00f1al\u00f3 que los comedores tendr\u00e1n la capacidad de alimentar a 60 estudiantes a la vez. Adem\u00e1s, indic\u00f3 que tambi\u00e9n funcionar\u00e1n como espacios para realizar tutor\u00edas estudiantiles y acompa\u00f1amientos para quienes as\u00ed lo requieran.<\/p>\n\n\n\n<p>Asimismo, se\u00f1al\u00f3 que la ampliaci\u00f3n del tiempo educativo en los centros incluye, adem\u00e1s de tutor\u00edas estudiantiles, espacios de recreaci\u00f3n e integraci\u00f3n. \u201cNosotros apostamos mucho a que se genere una comunidad educativa y se mejoren los v\u00ednculos intraliceo y con las familias\u201d.<\/p>\n\n\n\n<p>Sobre esto \u00faltimo, dijo que la idea es crear talleres orientados a generar espacios de convivencia y participaci\u00f3n, con el objetivo de crear las \u201ccondiciones para el di\u00e1logo\u201d mientras se comparte la jornada.<\/p>\n\n\n\n<p>A su vez, agreg\u00f3 que gracias a convenios con la Secretar\u00eda Nacional del Deporte, y con algunas intendencias, ser\u00e1 posible crear espacios para la pr\u00e1ctica de educaci\u00f3n f\u00edsica, con la intenci\u00f3n de expandirlos a centros ubicados en el medio rural.<\/p>\n","protected":false},"excerpt":{"rendered":"<p>4 DE MARZO LA DIARIA El titular de la Direcci\u00f3n General de Educaci\u00f3n Secundaria (DGES), Manuel Oro\u00f1o, acudi\u00f3 este martes al inicio de clases en el liceo 23 Hugo Licandro Mart\u00ednez, de Sayago, que aloja a alumnos de ciclo b\u00e1sico. Durante la jornada se realiz\u00f3 una bienvenida a los estudiantes,&nbsp;tal como sucedi\u00f3 en la jornada &hellip; <a href=\"https:\/\/audec.edu.uy\/index.php\/2026\/03\/06\/manuel-orono-tras-el-inicio-de-clases-en-secundaria-las-condiciones-estan-muy-bien-aunque-no-son-las-ideales\/\" class=\"more-link\">Continue reading<span class=\"screen-reader-text\"> \u00abManuel Oro\u00f1o tras el inicio de clases en Secundaria: \u201cLas condiciones est\u00e1n muy bien, aunque no son las ideales\u201d\u00bb<\/span><\/a><\/p>\n","protected":false},"author":5,"featured_media":0,"comment_status":"closed","ping_status":"closed","sticky":false,"template":"","format":"standard","meta":{"_uag_custom_page_level_css":"","footnotes":""},"categories":[3],"tags":[],"class_list":["post-8598","post","type-post","status-publish","format-standard","hentry","category-7dias"],"uagb_featured_image_src":{"full":false,"thumbnail":false,"medium":false,"medium_large":false,"large":false,"1536x1536":false,"2048x2048":false,"post-thumbnail":false},"uagb_author_info":{"display_name":"Juan Pablo","author_link":"https:\/\/audec.edu.uy\/index.php\/author\/juan-pablo\/"},"uagb_comment_info":0,"uagb_excerpt":"4 DE MARZO LA DIARIA El titular de la Direcci\u00f3n General de Educaci\u00f3n Secundaria (DGES), Manuel Oro\u00f1o, acudi\u00f3 este martes al inicio de clases en el liceo 23 Hugo Licandro Mart\u00ednez, de Sayago, que aloja a alumnos de ciclo b\u00e1sico. Durante la jornada se realiz\u00f3 una bienvenida a los estudiantes,&nbsp;tal como sucedi\u00f3 en la jornada&hellip;","_links":{"self":[{"href":"https:\/\/audec.edu.uy\/index.php\/wp-json\/wp\/v2\/posts\/8598","targetHints":{"allow":["GET"]}}],"collection":[{"href":"https:\/\/audec.edu.uy\/index.php\/wp-json\/wp\/v2\/posts"}],"about":[{"href":"https:\/\/audec.edu.uy\/index.php\/wp-json\/wp\/v2\/types\/post"}],"author":[{"embeddable":true,"href":"https:\/\/audec.edu.uy\/index.php\/wp-json\/wp\/v2\/users\/5"}],"replies":[{"embeddable":true,"href":"https:\/\/audec.edu.uy\/index.php\/wp-json\/wp\/v2\/comments?post=8598"}],"version-history":[{"count":1,"href":"https:\/\/audec.edu.uy\/index.php\/wp-json\/wp\/v2\/posts\/8598\/revisions"}],"predecessor-version":[{"id":8599,"href":"https:\/\/audec.edu.uy\/index.php\/wp-json\/wp\/v2\/posts\/8598\/revisions\/8599"}],"wp:attachment":[{"href":"https:\/\/audec.edu.uy\/index.php\/wp-json\/wp\/v2\/media?parent=8598"}],"wp:term":[{"taxonomy":"category","embeddable":true,"href":"https:\/\/audec.edu.uy\/index.php\/wp-json\/wp\/v2\/categories?post=8598"},{"taxonomy":"post_tag","embeddable":true,"href":"https:\/\/audec.edu.uy\/index.php\/wp-json\/wp\/v2\/tags?post=8598"}],"curies":[{"name":"wp","href":"https:\/\/api.w.org\/{rel}","templated":true}]}}