{"id":8586,"date":"2026-03-06T08:28:04","date_gmt":"2026-03-06T11:28:04","guid":{"rendered":"https:\/\/audec.edu.uy\/?p=8586"},"modified":"2026-03-06T08:28:04","modified_gmt":"2026-03-06T11:28:04","slug":"presidenta-del-inau-entre-2020-y-2024-crecieron-casi-un-100-los-intentos-de-autoeliminacion-dentro-del-sistema-de-proteccion-especial","status":"publish","type":"post","link":"https:\/\/audec.edu.uy\/index.php\/2026\/03\/06\/presidenta-del-inau-entre-2020-y-2024-crecieron-casi-un-100-los-intentos-de-autoeliminacion-dentro-del-sistema-de-proteccion-especial\/","title":{"rendered":"Presidenta del INAU: entre 2020 y 2024 crecieron \u201ccasi un 100%\u201d los intentos de autoeliminaci\u00f3n dentro del sistema de protecci\u00f3n especial"},"content":{"rendered":"\n<p>3 DE MARZO<\/p>\n\n\n\n<p>LA DIARIA<\/p>\n\n\n\n<p>Entre el 31 de diciembre de 2025 y el 6 de febrero de 2026 fallecieron tres adolescentes y un ni\u00f1o de 10 a\u00f1os que estaban al amparo del Instituto del Ni\u00f1o y Adolescente del Uruguay (INAU). Por esa raz\u00f3n, sobre todo,&nbsp;el senador colorado Robert Silva cit\u00f3 a las autoridades del INAU a la Comisi\u00f3n Permanente para profundizar en los hechos. En el Parlamento, la presidenta de la instituci\u00f3n, Claudia Romero, asegur\u00f3 que con respecto a las muertes \u201cno importa el n\u00famero, porque basta uno para que a uno lo atraviese\u201d.<\/p>\n\n\n\n<p>En sala, y en respuesta al motivo de los fallecimientos, Romero dijo que el INAU a\u00fan no tiene los resultados de autopsia ni los informes de investigaci\u00f3n de fiscal\u00eda, \u201cya que se encuentran en proceso, y en esa circunstancia la informaci\u00f3n es reservada\u201d, e inform\u00f3 que mantuvieron una reuni\u00f3n con Fiscal\u00eda para manifestar su preocupaci\u00f3n.<\/p>\n\n\n\n<p>Este lunes, en di\u00e1logo con&nbsp;la diaria Radio, Romero profundiz\u00f3 en esta reuni\u00f3n y apunt\u00f3 que les transmitieron que \u201cmuchas veces\u201d el INAU necesita \u201cobtener la informaci\u00f3n antes por las dudas\u201d, ya que \u201chay que generar algunas acciones que prevengan otros desenlaces\u201d o que tenga que \u201catender de forma particular\u201d.<\/p>\n\n\n\n<p>Si bien apunt\u00f3 que se \u201cpuede analizar cada uno de estos fallecimientos\u201d con los resultados de las investigaciones, estos hechos \u201ctraslucen otras cosas que son estructurales del INAU\u201d, como las salidas no acordadas, los centros de atenci\u00f3n de salud mental, la salud mental, los centros de breve estad\u00eda y la infraestructura edilicia. Por esa raz\u00f3n, lo que muestran las muertes \u201cson algunas debilidades de la estructura propia del INAU, m\u00e1s all\u00e1 de alg\u00fan acontecer propio de la historia de estos gurises\u201d.<\/p>\n\n\n\n<p>Seg\u00fan indic\u00f3 la presidenta, hoy en d\u00eda hay 110.000 ni\u00f1os que est\u00e1n vinculados a INAU a trav\u00e9s de distintos proyectos, o sea que la vinculaci\u00f3n se puede dar a trav\u00e9s de los CAIF, los Centros de Atenci\u00f3n a la Primera Infancia, los clubes de ni\u00f1os o los centros juveniles. En cuanto al sistema de protecci\u00f3n especial de la instituci\u00f3n, que son aquellos ni\u00f1os o adolescentes que \u201cest\u00e1n desvinculados de sus familias, ya sea permanentemente o transitoriamente\u201d, hay aproximadamente 8.000 ni\u00f1os, de los cuales entre 3.500 y 3.900, \u201cdependiendo del mes y la \u00e9poca del a\u00f1o\u201d, se vinculan en modalidades 24 horas, y otros desde el territorio con las familias.<\/p>\n\n\n\n<p>En ese marco, ante la consulta sobre qu\u00e9 sucede con el sistema de protecci\u00f3n especial a la luz de los fallecimientos, Romero apunt\u00f3 que, en realidad, \u201cno son muchos\u201d fallecimientos \u201cen funci\u00f3n de la poblaci\u00f3n que atiende el INAU\u201d. \u201cCuando nosotros decimos que tenemos 8.000 y fallecieron 20, no se escapa de las cifras que maneja Uruguay\u201d.<\/p>\n\n\n\n<p>De todas formas, Romero expres\u00f3 que \u201ccuando una se detiene a analizar d\u00f3nde est\u00e1n los riesgos o qu\u00e9 est\u00e1 aconteciendo, lo que una encuentra es una vida atravesada por el dolor y a trav\u00e9s de situaciones que han generado que se vinculen al INAU\u201d, y que \u201ccuando las ve, va dando cuenta de esto, de c\u00f3mo va afectando a esos gurises que empiezan a tener una debilidad en sus v\u00ednculos afectivos, emocionales, en su desarrollo neurops\u00edquico\u201d. Apunt\u00f3 que todo esto \u201cda cuenta de empezar a intervenir desde el lado de la salud, sobre todo vinculado a la salud mental\u201d, ya que \u201csus vidas van tomando un techo m\u00e1s bajo, que vamos perdiendo las ventanas de oportunidad para actuar, y que eso de alguna manera va trazando un destino\u201d.<\/p>\n\n\n\n<p>En esa l\u00ednea, la jerarca dijo que, en un contexto en el que las situaciones vinculadas a salud mental \u201cfueron creciendo\u201d en toda la poblaci\u00f3n, es necesario \u201chacer un doble clic\u201d en los ni\u00f1os y adolescentes vinculados al INAU, \u201cporque hay una historia de vida que les atraves\u00f3 su vida, su cabeza, sus emociones\u201d, por lo que \u201crequieren m\u00e1s cuidado en la salud mental\u201d.<\/p>\n\n\n\n<p>Entre 2020 y 2024, los intentos de autoeliminaci\u00f3n dentro del sistema de protecci\u00f3n especial crecieron \u201ccasi un 100%\u201d, seg\u00fan Romero, y que en el mismo per\u00edodo, las intervenciones aumentaron \u201cun 276%\u201d, por lo que se est\u00e1 necesitando \u201cponer foco en la salud mental de estos gurises\u201d.<\/p>\n\n\n\n<p>Sobre ese aumento, para Romero \u201chay muchas cosas a nivel del contexto\u201d, por lo que no se puede \u201cfracturar el INAU dentro de lo que se refiere a un contexto m\u00e1s global\u201d. En ese sentido, apunt\u00f3 que \u201cla violencia aument\u00f3\u201d, lo que queda en evidencia por los datos del Sistema Integral de Protecci\u00f3n a la Infancia y a la Adolescencia contra la Violencia, y mencion\u00f3 las situaciones en las que los menores sufren negligencia, son heridos de bala o que son parte de \u201clas cadenas il\u00edcitas\u201d.<\/p>\n\n\n\n<p>\u201cHay una realidad donde est\u00e1 permeando en las vidas de estos gurises, que adem\u00e1s ingresan a una instituci\u00f3n porque hay situaciones vinculadas a la vulneraci\u00f3n de derechos que tienen que ver con sus propias historias; no estamos hablando solamente de la violencia territorial, estamos hablando de una violencia sexual muchas veces. Esos son los temas que m\u00e1s comulgan para que los gurises est\u00e9n dentro de una instituci\u00f3n\u201d, sostuvo. Con todo, Romero dijo que si bien cuando se habla de salud mental se \u201ctiende a pensar solamente en el lugar m\u00e9dico de la atenci\u00f3n\u201d, existen \u201cotras formas de trabajar la salud mental\u201d.<\/p>\n\n\n\n<p>Propuesta que elimina la internaci\u00f3n de ni\u00f1os de 0 a 3 a\u00f1os tendr\u00e1 tres fases<\/p>\n\n\n\n<p>El 19 de febrero,&nbsp;el INAU aprob\u00f3 un proyecto que propone la desinternaci\u00f3n de 300 ni\u00f1os y ni\u00f1as de 0 a 3 a\u00f1os&nbsp;en los centros de protecci\u00f3n, uno de los objetivos marcados por la instituci\u00f3n para este periodo de gobierno, y que Romero defini\u00f3 este lunes como \u201cel coraz\u00f3n donde se empieza a despertar la posibilidad de transformar las vidas\u201d.<\/p>\n\n\n\n<p>La presidenta explic\u00f3 que para llevar adelante la propuesta no son necesarios cambios normativos, y que hay un llamado a organizaciones civiles porque con estas van a trabajar. \u201cEste proyecto tiene algunos componentes diferenciales que, en general, van a ser la desinternaci\u00f3n de 0 a 3 que ya est\u00e1n en la instituci\u00f3n y el no ingreso de gurises de 0 a 3 a\u00f1os a la instituci\u00f3n; la idea es que no vayan a una residencia del INAU de 24 horas, sino que tengan la posibilidad de ser recibidos en una familia\u201d, destac\u00f3.<\/p>\n\n\n\n<p>En detalle, Romero se\u00f1al\u00f3 que se va a trabajar en tres fases, que consisten, en primer lugar, en un diagn\u00f3stico de la situaci\u00f3n de cada ni\u00f1o o ni\u00f1a para \u201creconstruir esa peque\u00f1a biograf\u00eda\u201d para saber las posibilidades de cuidados que tienen, si se puede sostener el v\u00ednculo con la familia de origen o si puede ir con una familia de acogida o ser adoptado en el caso de que est\u00e9n las condiciones.<\/p>\n\n\n\n<p>Indic\u00f3 que luego \u201chay un trabajo de un a\u00f1o que tiene que ver con el acompa\u00f1amiento\u201d del menor. \u201cSi es con la familia de origen, hay equipos que van a trabajar y equipos especializados\u201d, dijo en referencia a psic\u00f3logos, trabajadores sociales, educadores, que acompa\u00f1ar\u00e1n por un a\u00f1o durante la reinserci\u00f3n.<\/p>\n\n\n\n<p>En caso de que haya una adopci\u00f3n, tambi\u00e9n va a haber un acompa\u00f1amiento, pero \u201cva a tomar las riendas m\u00e1s que nada el equipo o el \u00e1rea de adopciones\u201d; y si es con una familia de acogida, Romero record\u00f3 que esta modalidad se trata de cuidados transitorios \u201cdonde se define el destino posterior que puede ser revincularse a las familias de origen o terminar con una adopci\u00f3n.<\/p>\n\n\n\n<p>Al finalizar el a\u00f1o, se da \u201cel cierre de la situaci\u00f3n\u201d, pero no se trata de \u201cdesvincularse\u201d del INAU, ya que \u201cvan a seguir trabajando otros proyectos parciales, con los CAIF, por ejemplo, o con despliegues de proyectos que tiene la instituci\u00f3n, pero que dan cuenta de las posibilidades de los gurises de vivir en familia y en una comunidad\u201d.<\/p>\n","protected":false},"excerpt":{"rendered":"<p>3 DE MARZO LA DIARIA Entre el 31 de diciembre de 2025 y el 6 de febrero de 2026 fallecieron tres adolescentes y un ni\u00f1o de 10 a\u00f1os que estaban al amparo del Instituto del Ni\u00f1o y Adolescente del Uruguay (INAU). Por esa raz\u00f3n, sobre todo,&nbsp;el senador colorado Robert Silva cit\u00f3 a las autoridades del &hellip; <a href=\"https:\/\/audec.edu.uy\/index.php\/2026\/03\/06\/presidenta-del-inau-entre-2020-y-2024-crecieron-casi-un-100-los-intentos-de-autoeliminacion-dentro-del-sistema-de-proteccion-especial\/\" class=\"more-link\">Continue reading<span class=\"screen-reader-text\"> \u00abPresidenta del INAU: entre 2020 y 2024 crecieron \u201ccasi un 100%\u201d los intentos de autoeliminaci\u00f3n dentro del sistema de protecci\u00f3n especial\u00bb<\/span><\/a><\/p>\n","protected":false},"author":5,"featured_media":0,"comment_status":"closed","ping_status":"closed","sticky":false,"template":"","format":"standard","meta":{"_uag_custom_page_level_css":"","footnotes":""},"categories":[3],"tags":[],"class_list":["post-8586","post","type-post","status-publish","format-standard","hentry","category-7dias"],"uagb_featured_image_src":{"full":false,"thumbnail":false,"medium":false,"medium_large":false,"large":false,"1536x1536":false,"2048x2048":false,"post-thumbnail":false},"uagb_author_info":{"display_name":"Juan Pablo","author_link":"https:\/\/audec.edu.uy\/index.php\/author\/juan-pablo\/"},"uagb_comment_info":0,"uagb_excerpt":"3 DE MARZO LA DIARIA Entre el 31 de diciembre de 2025 y el 6 de febrero de 2026 fallecieron tres adolescentes y un ni\u00f1o de 10 a\u00f1os que estaban al amparo del Instituto del Ni\u00f1o y Adolescente del Uruguay (INAU). Por esa raz\u00f3n, sobre todo,&nbsp;el senador colorado Robert Silva cit\u00f3 a las autoridades del&hellip;","_links":{"self":[{"href":"https:\/\/audec.edu.uy\/index.php\/wp-json\/wp\/v2\/posts\/8586","targetHints":{"allow":["GET"]}}],"collection":[{"href":"https:\/\/audec.edu.uy\/index.php\/wp-json\/wp\/v2\/posts"}],"about":[{"href":"https:\/\/audec.edu.uy\/index.php\/wp-json\/wp\/v2\/types\/post"}],"author":[{"embeddable":true,"href":"https:\/\/audec.edu.uy\/index.php\/wp-json\/wp\/v2\/users\/5"}],"replies":[{"embeddable":true,"href":"https:\/\/audec.edu.uy\/index.php\/wp-json\/wp\/v2\/comments?post=8586"}],"version-history":[{"count":1,"href":"https:\/\/audec.edu.uy\/index.php\/wp-json\/wp\/v2\/posts\/8586\/revisions"}],"predecessor-version":[{"id":8587,"href":"https:\/\/audec.edu.uy\/index.php\/wp-json\/wp\/v2\/posts\/8586\/revisions\/8587"}],"wp:attachment":[{"href":"https:\/\/audec.edu.uy\/index.php\/wp-json\/wp\/v2\/media?parent=8586"}],"wp:term":[{"taxonomy":"category","embeddable":true,"href":"https:\/\/audec.edu.uy\/index.php\/wp-json\/wp\/v2\/categories?post=8586"},{"taxonomy":"post_tag","embeddable":true,"href":"https:\/\/audec.edu.uy\/index.php\/wp-json\/wp\/v2\/tags?post=8586"}],"curies":[{"name":"wp","href":"https:\/\/api.w.org\/{rel}","templated":true}]}}