{"id":8572,"date":"2026-03-06T08:30:30","date_gmt":"2026-03-06T11:30:30","guid":{"rendered":"https:\/\/audec.edu.uy\/?p=8572"},"modified":"2026-03-06T08:30:30","modified_gmt":"2026-03-06T11:30:30","slug":"anep-preve-mejor-inicio-de-clases-que-hace-un-ano-en-medio-de-reclamos-sindicales-y-cambios-a-la-reforma","status":"publish","type":"post","link":"https:\/\/audec.edu.uy\/index.php\/2026\/03\/06\/anep-preve-mejor-inicio-de-clases-que-hace-un-ano-en-medio-de-reclamos-sindicales-y-cambios-a-la-reforma\/","title":{"rendered":"ANEP prev\u00e9 \u201cmejor\u201d inicio de clases que hace un a\u00f1o, en medio de reclamos sindicales y cambios a la reforma"},"content":{"rendered":"\n<p>2 DE MARZO<\/p>\n\n\n\n<p>EL PAIS<\/p>\n\n\n\n<p><strong>Por Agust\u00edn Magallanes<\/strong><\/p>\n\n\n\n<p>Este lunes&nbsp;comienzan las clases&nbsp;los alumnos del sistema p\u00fablico de&nbsp;Inicial&nbsp;y&nbsp;Primaria, y gran parte de liceales y estudiantes de UTU de todo el pa\u00eds. El retorno, general, a las aulas ser\u00e1 con cambios a la llamada Transformaci\u00f3n Educativa que aprob\u00f3 el gobierno anterior, medidas de esta administraci\u00f3n como el bono escolar, cr\u00edticas de sindicatos por la gesti\u00f3n de las horas docentes, as\u00ed como problemas de sobrepoblaci\u00f3n estudiantil y falta de docentes en algunos centros.<\/p>\n\n\n\n<p>El presidente de la&nbsp;Administraci\u00f3n Nacional de Educaci\u00f3n P\u00fablica&nbsp;(ANEP),&nbsp;Pablo&nbsp;Caggiani, encabezar\u00e1 hoy una bienvenida a maestros y alumnos, primero, por la Escuela 89 (Ibiray), del barrio Villa Espa\u00f1ola, que este a\u00f1o pasar\u00e1 a ser escuela de tiempo completo, y luego por el Centro Educativo Asociado (CEA) 354 (Los Junquillos), que vincula escuela y UTU en el mismo predio, en el barrio Gruta de Lourdes.<\/p>\n\n\n\n<p>En este a\u00f1o lectivo, los estudiantes de los tres principales subsistemas de ANEP suman unos 610.000 alumnos, seg\u00fan conteos oficiales a los que accedi\u00f3 El Pa\u00eds. La matr\u00edcula de Inicial y Primaria es de 290.000 escolares, unos 15.000 menos que el a\u00f1o pasado; los liceales suman alrededor de 215.000, una cifra estable respecto al inicio de 2025, y los estudiantes de UTU llegan a unos 103.000, levemente por encima del registro del a\u00f1o pasado.<\/p>\n\n\n\n<p>Caggiani dijo a El Pa\u00eds que prev\u00e9 un \u201cinicio mejor que el a\u00f1o anterior\u201d en Inicial y Primaria, UTU y Consejo de Formaci\u00f3n en Educaci\u00f3n (CFE), tomando en cuenta la asignaci\u00f3n de horas y cargos. A Secundaria la ve \u201cigual que el a\u00f1o anterior\u201d, porque la efectivizaci\u00f3n de 4.000 profesores \u201cafect\u00f3\u201d la elecci\u00f3n de horas. Unas 27.000 horas quedaron sin cubrirse en este arranque.<\/p>\n\n\n\n<p>El sindicato de profesores de Secundaria (Fenapes) alert\u00f3 que \u201cno est\u00e1n dadas las condiciones\u201d para un buen inicio, principalmente por el retraso en la elecci\u00f3n de horas, sobre todo en&nbsp;Montevideo,&nbsp;Canelones&nbsp;y San Jos\u00e9, lo que implica docentes sin lugar de trabajo asignado y grupos sin docente.<\/p>\n\n\n\n<p>El director de Secundaria,&nbsp;Manuel&nbsp;Oro\u00f1o, indic\u00f3 a El Pa\u00eds que este inicio ser\u00e1 \u201cmejor que el comienzo 2025\u201d, pero reconoci\u00f3 \u201cproblemas\u201d de infraestructura, con \u201cmuchos pedidos\u201d de cambios de liceo \u00faltimamente, centros \u201cmuy llenos\u201d, en La Teja y el Cerro, y sobrepoblaci\u00f3n en varios liceos, que no detall\u00f3. El Liceo 8 no comenzar\u00e1 hoy ya que una obra contigua movi\u00f3 los cimientos.<\/p>\n\n\n\n<p>La directora de UTU,&nbsp;Virginia&nbsp;Verderese, marc\u00f3 a El Pa\u00eds un \u201cbuen auspicio\u201d de vuelta a clases por la \u201cmayor cantidad\u201d de docentes en las aulas, y porque llegaron a 96% de elecci\u00f3n de horas. En tanto, docentes de Tecnolog\u00eda de UTU ocuparon este viernes la sede de ANEP, reclamando que no se quite el trabajo en duplas.<\/p>\n\n\n\n<p>\u201cEn t\u00e9rminos generales, viene todo tal cual estaba previsto\u201d, se\u00f1al\u00f3 a El Pa\u00eds la directora de Primaria&nbsp;Gabriela&nbsp;Salsamendi. Si bien los cargos est\u00e1n \u201ccasi todos\u201d asignados, siguen trabajando en asuntos \u201cpuntuales\u201d, como atender la sobrepoblaci\u00f3n. Habr\u00e1 unos 300 grupos con m\u00e1s de 30 alumnos -tope fijado-, sobre todo en escuelas con ampliaci\u00f3n del tiempo, aunque la directora puntualiz\u00f3 que son menos que los 900 que hab\u00eda un a\u00f1o atr\u00e1s.<\/p>\n\n\n\n<p>El pasaje de 18 escuelas comunes a centros de tiempo completo y extendido es la \u201cmayor transformaci\u00f3n de los \u00faltimos 15 a\u00f1os de escuelas en un a\u00f1o\u201d, destac\u00f3 Caggiani. Respecto a la ca\u00edda en la matr\u00edcula de Primaria de este a\u00f1o, el jerarca lo explic\u00f3 por la baja natalidad y que la \u00faltima cohorte que sali\u00f3 de sexto a\u00f1o fue m\u00e1s grande que en a\u00f1os anteriores.<\/p>\n\n\n\n<p>\u201cEs un buen inicio porque se fortalecen pol\u00edticas que van directamente sobre las condiciones de vida de los gurises\u201d, agreg\u00f3 Caggiani, sobre el bono escolar de inicio de clases, de $ 2.500, que se comenzar\u00e1 a pagar a partir de ma\u00f1ana a 170.000 escolares; los 55 comedores para duplicar la alimentaci\u00f3n en educaci\u00f3n media, y el aumento de las becas Buti\u00e1, de 14.000 a 20.000 este a\u00f1o.<\/p>\n\n\n\n<p><strong>Los cambios a la reforma que critica la oposici\u00f3n<\/strong><\/p>\n\n\n\n<p>El senador colorado&nbsp;Robert&nbsp;Silva, expresidente de ANEP y \u201cpadre\u201d de la transformaci\u00f3n educativa de la anterior administraci\u00f3n, dijo que ve un \u201cretroceso\u201d en la educaci\u00f3n frente a la \u201cdesarticulaci\u00f3n\u201d de la reforma que impuls\u00f3.<\/p>\n\n\n\n<p>D\u00edas atr\u00e1s cit\u00f3 a autoridades educativas al Parlamento, tras denunciar un \u201cdetenimiento\u201d de la expansi\u00f3n de liceos y UTU de tiempo completo, el \u201cdescabezamiento\u201d de inspecciones en Primaria, la \u201cdecapitaci\u00f3n\u201d de la formaci\u00f3n docente universitaria, y los \u201ccambios\u201dya aprobados de la malla curricular de Secundaria, y en algunos punto de los reglamentos de evaluaci\u00f3n.<\/p>\n\n\n\n<p>Codicen avanz\u00f3 en octubre pasado con cambios de nombres, carga horaria y la estructura de las trayectorias educativas, desde s\u00e9ptimo -antes primero de liceo- al \u00faltimo a\u00f1o de bachillerato.<\/p>\n\n\n\n<p>En educaci\u00f3n media b\u00e1sica se eliminaron los espacios optativos que hab\u00eda definido la reforma, y se aument\u00f3 la carga horaria semanal para los estudiantes.<\/p>\n\n\n\n<p>En bachillerato, en cuarto volvi\u00f3 Astronom\u00eda, como materia obligatoria, y se ampliaron las optativas; en quinto se sumaron dos orientaciones, entre otros cambios, y en sexto se ampli\u00f3 la diversificaci\u00f3n con opciones m\u00e1s espec\u00edficas, pasando de cuatro a siete orientaciones. Adem\u00e1s se prev\u00e9n m\u00e1s cambios de la transformaci\u00f3n curricular este a\u00f1o, ya que est\u00e1 previsto discutir el&nbsp;Marco Curricular Nacional, las progresiones de aprendizaje y, a partir de eso, los reglamentos de evaluaci\u00f3n. <a href=\"http:\/\/www.elpais.com.uy\">www.elpais.com.uy<\/a><\/p>\n","protected":false},"excerpt":{"rendered":"<p>2 DE MARZO EL PAIS Por Agust\u00edn Magallanes Este lunes&nbsp;comienzan las clases&nbsp;los alumnos del sistema p\u00fablico de&nbsp;Inicial&nbsp;y&nbsp;Primaria, y gran parte de liceales y estudiantes de UTU de todo el pa\u00eds. El retorno, general, a las aulas ser\u00e1 con cambios a la llamada Transformaci\u00f3n Educativa que aprob\u00f3 el gobierno anterior, medidas de esta administraci\u00f3n como el &hellip; <a href=\"https:\/\/audec.edu.uy\/index.php\/2026\/03\/06\/anep-preve-mejor-inicio-de-clases-que-hace-un-ano-en-medio-de-reclamos-sindicales-y-cambios-a-la-reforma\/\" class=\"more-link\">Continue reading<span class=\"screen-reader-text\"> \u00abANEP prev\u00e9 \u201cmejor\u201d inicio de clases que hace un a\u00f1o, en medio de reclamos sindicales y cambios a la reforma\u00bb<\/span><\/a><\/p>\n","protected":false},"author":5,"featured_media":0,"comment_status":"closed","ping_status":"closed","sticky":false,"template":"","format":"standard","meta":{"_uag_custom_page_level_css":"","footnotes":""},"categories":[3],"tags":[],"class_list":["post-8572","post","type-post","status-publish","format-standard","hentry","category-7dias"],"uagb_featured_image_src":{"full":false,"thumbnail":false,"medium":false,"medium_large":false,"large":false,"1536x1536":false,"2048x2048":false,"post-thumbnail":false},"uagb_author_info":{"display_name":"Juan Pablo","author_link":"https:\/\/audec.edu.uy\/index.php\/author\/juan-pablo\/"},"uagb_comment_info":0,"uagb_excerpt":"2 DE MARZO EL PAIS Por Agust\u00edn Magallanes Este lunes&nbsp;comienzan las clases&nbsp;los alumnos del sistema p\u00fablico de&nbsp;Inicial&nbsp;y&nbsp;Primaria, y gran parte de liceales y estudiantes de UTU de todo el pa\u00eds. El retorno, general, a las aulas ser\u00e1 con cambios a la llamada Transformaci\u00f3n Educativa que aprob\u00f3 el gobierno anterior, medidas de esta administraci\u00f3n como el&hellip;","_links":{"self":[{"href":"https:\/\/audec.edu.uy\/index.php\/wp-json\/wp\/v2\/posts\/8572","targetHints":{"allow":["GET"]}}],"collection":[{"href":"https:\/\/audec.edu.uy\/index.php\/wp-json\/wp\/v2\/posts"}],"about":[{"href":"https:\/\/audec.edu.uy\/index.php\/wp-json\/wp\/v2\/types\/post"}],"author":[{"embeddable":true,"href":"https:\/\/audec.edu.uy\/index.php\/wp-json\/wp\/v2\/users\/5"}],"replies":[{"embeddable":true,"href":"https:\/\/audec.edu.uy\/index.php\/wp-json\/wp\/v2\/comments?post=8572"}],"version-history":[{"count":1,"href":"https:\/\/audec.edu.uy\/index.php\/wp-json\/wp\/v2\/posts\/8572\/revisions"}],"predecessor-version":[{"id":8573,"href":"https:\/\/audec.edu.uy\/index.php\/wp-json\/wp\/v2\/posts\/8572\/revisions\/8573"}],"wp:attachment":[{"href":"https:\/\/audec.edu.uy\/index.php\/wp-json\/wp\/v2\/media?parent=8572"}],"wp:term":[{"taxonomy":"category","embeddable":true,"href":"https:\/\/audec.edu.uy\/index.php\/wp-json\/wp\/v2\/categories?post=8572"},{"taxonomy":"post_tag","embeddable":true,"href":"https:\/\/audec.edu.uy\/index.php\/wp-json\/wp\/v2\/tags?post=8572"}],"curies":[{"name":"wp","href":"https:\/\/api.w.org\/{rel}","templated":true}]}}