{"id":8126,"date":"2025-12-29T16:51:53","date_gmt":"2025-12-29T19:51:53","guid":{"rendered":"https:\/\/audec.edu.uy\/?p=8126"},"modified":"2025-12-29T16:51:53","modified_gmt":"2025-12-29T19:51:53","slug":"udelar-asesorara-a-la-intendencia-de-maldonado-en-la-formulacion-de-politicas-publicas","status":"publish","type":"post","link":"https:\/\/audec.edu.uy\/index.php\/2025\/12\/29\/udelar-asesorara-a-la-intendencia-de-maldonado-en-la-formulacion-de-politicas-publicas\/","title":{"rendered":"Udelar asesorar\u00e1 a la Intendencia de Maldonado en la formulaci\u00f3n de pol\u00edticas p\u00fablicas"},"content":{"rendered":"\n<p>23 DE DICIEMBRE<\/p>\n\n\n\n<p>LA DIARIA<\/p>\n\n\n\n<p>La Universidad de la Rep\u00fablica (Udelar) cooperar\u00e1 con la Intendencia de Maldonado (IDM) para la formulaci\u00f3n de pol\u00edticas p\u00fablicas de desarrollo sostenible en temas de ambiente, ordenamiento territorial, deportes, turismo y cultura. Tras firmar un convenio, este lunes 22, se instalar\u00e1 una comisi\u00f3n de coordinaci\u00f3n integrada por dos delegados de cada instituci\u00f3n.<\/p>\n\n\n\n<p>El acuerdo se enmarca en la ampliaci\u00f3n de la sede del Centro Universitario Regional del Este (Cure) en Maldonado, tras un&nbsp;intercambio de tierras con la IDM&nbsp;que permitir\u00e1 incrementar la estructura edilicia en un 6,5%.<\/p>\n\n\n\n<p>El secretario general de la IDM, \u00c1lvaro Villegas, inform\u00f3 que ya se trabaja en \u201ctodo lo relacionado\u201d con el&nbsp;plan de manejo del Ecoparque del Humedal del Arroyo Maldonado. La Udelar tambi\u00e9n se integr\u00f3 a la&nbsp;comisi\u00f3n especial que analiza el futuro de Punta Ballena, cuyo informe se elevar\u00e1 al intendente Miguel Abella en los pr\u00f3ximos d\u00edas, adelant\u00f3 Villegas.<\/p>\n\n\n\n<p>El rector de la Udelar, H\u00e9ctor Cancela, destac\u00f3 que el convenio abre \u201cuna posibilidad para que estudiantes y docentes trabajen en distintos proyectos y actividades, atendiendo problem\u00e1ticas locales en beneficio de la sociedad entera\u201d. Adem\u00e1s, sostuvo que la demanda educativa en la sede de Maldonado ha crecido notoriamente, por lo que celebr\u00f3 la posibilidad de \u201cseguir creciendo en espacio e infraestructura\u201d con la ampliaci\u00f3n del edificio.<\/p>\n\n\n\n<p>La instituci\u00f3n prev\u00e9 la construcci\u00f3n de nuevas salas de estudio que atiendan el crecimiento de la demanda acad\u00e9mica y mejorar el \u00e1rea de estacionamientos. De acuerdo al proyecto, la sede fernandina tendr\u00eda un doble ingreso y egreso (por las calles Cachimba del Rey y Honorato de Balzac) como \u201cnuevo frente urbano del conjunto de predios\u201d y \u201cuna mayor integraci\u00f3n barrial\u201d, adem\u00e1s de reorganizar los espacios en funci\u00f3n de la oferta educativa y la cantidad de estudiantes.<\/p>\n","protected":false},"excerpt":{"rendered":"<p>23 DE DICIEMBRE LA DIARIA La Universidad de la Rep\u00fablica (Udelar) cooperar\u00e1 con la Intendencia de Maldonado (IDM) para la formulaci\u00f3n de pol\u00edticas p\u00fablicas de desarrollo sostenible en temas de ambiente, ordenamiento territorial, deportes, turismo y cultura. Tras firmar un convenio, este lunes 22, se instalar\u00e1 una comisi\u00f3n de coordinaci\u00f3n integrada por dos delegados de &hellip; <a href=\"https:\/\/audec.edu.uy\/index.php\/2025\/12\/29\/udelar-asesorara-a-la-intendencia-de-maldonado-en-la-formulacion-de-politicas-publicas\/\" class=\"more-link\">Continue reading<span class=\"screen-reader-text\"> \u00abUdelar asesorar\u00e1 a la Intendencia de Maldonado en la formulaci\u00f3n de pol\u00edticas p\u00fablicas\u00bb<\/span><\/a><\/p>\n","protected":false},"author":5,"featured_media":0,"comment_status":"closed","ping_status":"closed","sticky":false,"template":"","format":"standard","meta":{"_uag_custom_page_level_css":"","footnotes":""},"categories":[3],"tags":[],"class_list":["post-8126","post","type-post","status-publish","format-standard","hentry","category-7dias"],"uagb_featured_image_src":{"full":false,"thumbnail":false,"medium":false,"medium_large":false,"large":false,"1536x1536":false,"2048x2048":false,"post-thumbnail":false},"uagb_author_info":{"display_name":"Juan Pablo","author_link":"https:\/\/audec.edu.uy\/index.php\/author\/juan-pablo\/"},"uagb_comment_info":0,"uagb_excerpt":"23 DE DICIEMBRE LA DIARIA La Universidad de la Rep\u00fablica (Udelar) cooperar\u00e1 con la Intendencia de Maldonado (IDM) para la formulaci\u00f3n de pol\u00edticas p\u00fablicas de desarrollo sostenible en temas de ambiente, ordenamiento territorial, deportes, turismo y cultura. Tras firmar un convenio, este lunes 22, se instalar\u00e1 una comisi\u00f3n de coordinaci\u00f3n integrada por dos delegados de&hellip;","_links":{"self":[{"href":"https:\/\/audec.edu.uy\/index.php\/wp-json\/wp\/v2\/posts\/8126","targetHints":{"allow":["GET"]}}],"collection":[{"href":"https:\/\/audec.edu.uy\/index.php\/wp-json\/wp\/v2\/posts"}],"about":[{"href":"https:\/\/audec.edu.uy\/index.php\/wp-json\/wp\/v2\/types\/post"}],"author":[{"embeddable":true,"href":"https:\/\/audec.edu.uy\/index.php\/wp-json\/wp\/v2\/users\/5"}],"replies":[{"embeddable":true,"href":"https:\/\/audec.edu.uy\/index.php\/wp-json\/wp\/v2\/comments?post=8126"}],"version-history":[{"count":1,"href":"https:\/\/audec.edu.uy\/index.php\/wp-json\/wp\/v2\/posts\/8126\/revisions"}],"predecessor-version":[{"id":8127,"href":"https:\/\/audec.edu.uy\/index.php\/wp-json\/wp\/v2\/posts\/8126\/revisions\/8127"}],"wp:attachment":[{"href":"https:\/\/audec.edu.uy\/index.php\/wp-json\/wp\/v2\/media?parent=8126"}],"wp:term":[{"taxonomy":"category","embeddable":true,"href":"https:\/\/audec.edu.uy\/index.php\/wp-json\/wp\/v2\/categories?post=8126"},{"taxonomy":"post_tag","embeddable":true,"href":"https:\/\/audec.edu.uy\/index.php\/wp-json\/wp\/v2\/tags?post=8126"}],"curies":[{"name":"wp","href":"https:\/\/api.w.org\/{rel}","templated":true}]}}