{"id":7980,"date":"2025-12-01T09:10:06","date_gmt":"2025-12-01T12:10:06","guid":{"rendered":"https:\/\/audec.edu.uy\/?p=7980"},"modified":"2025-12-08T08:14:48","modified_gmt":"2025-12-08T11:14:48","slug":"se-desarrolla-curso-de-posgrado-sobre-servicios-ecosistemicos-en-inia-la-estanzuela","status":"publish","type":"post","link":"https:\/\/audec.edu.uy\/index.php\/2025\/12\/01\/se-desarrolla-curso-de-posgrado-sobre-servicios-ecosistemicos-en-inia-la-estanzuela\/","title":{"rendered":"Se desarrolla curso de posgrado sobre servicios ecosist\u00e9micos en INIA La Estanzuela"},"content":{"rendered":"\n<p>1 DE DICIEMBRE<\/p>\n\n\n\n<p>LA DIARIA<\/p>\n\n\n\n<p>Desde el lunes 1\u00b0 hasta el viernes 5, en el Instituto Nacional de Investigaci\u00f3n Agropecuaria (INIA) de La Estanzuela, Colonia, se desarrolla un curso de posgrado denominado \u201cServicios Ecosist\u00e9micos: su cuantificaci\u00f3n y uso en contextos agropecuarios del Sur de Sudam\u00e9rica\u201d.<\/p>\n\n\n\n<p>El curso es financiado por la Regional Suroeste de la Universidad de la Rep\u00fablica (Udelar), y est\u00e1 organizado por el posgrado en Ciencias Ambientales de la Facultad de Ciencias, la Facultad de Agronom\u00eda de la Universidad de Buenos Aires y el INIA.<\/p>\n\n\n\n<p>Los talleres son dictados en modalidad virtual y presencial y tienen como objetivo definir y discutir los principios, caracter\u00edsticas e instrumentos importantes relacionados con el concepto de servicios ecosist\u00e9micos.<\/p>\n\n\n\n<p>Adem\u00e1s, este curso tambi\u00e9n apunta a describir y analizar diferentes m\u00e9todos utilizados para cuantificar, modelar y valorar dichos servicios, as\u00ed como a caracterizar las relaciones entre el funcionamiento de los ecosistemas, el desempe\u00f1o ambiental de los servicios ecosist\u00e9micos y las demandas sociales.<\/p>\n\n\n\n<p>Con la participaci\u00f3n de los docentes Jos\u00e9 Paruelo, Federico Gallego, Gerogina Garc\u00eda Inza, Claudia Sim\u00f3n y Luciana Staiano, el curso tambi\u00e9n est\u00e1 centrado en evaluar los impactos de los compromisos, retroalimentaciones, arreglos espaciotemporales y las preferencias de los actores sociales sobre los servicios ecosist\u00e9micos percibidos, as\u00ed como los enfoques para gestionar agroecosistemas y optimizar la disponibilidad de recursos a la luz de los conceptos de servicios ecosist\u00e9micos.<\/p>\n","protected":false},"excerpt":{"rendered":"<p>1 DE DICIEMBRE LA DIARIA Desde el lunes 1\u00b0 hasta el viernes 5, en el Instituto Nacional de Investigaci\u00f3n Agropecuaria (INIA) de La Estanzuela, Colonia, se desarrolla un curso de posgrado denominado \u201cServicios Ecosist\u00e9micos: su cuantificaci\u00f3n y uso en contextos agropecuarios del Sur de Sudam\u00e9rica\u201d. El curso es financiado por la Regional Suroeste de la &hellip; <a href=\"https:\/\/audec.edu.uy\/index.php\/2025\/12\/01\/se-desarrolla-curso-de-posgrado-sobre-servicios-ecosistemicos-en-inia-la-estanzuela\/\" class=\"more-link\">Continue reading<span class=\"screen-reader-text\"> \u00abSe desarrolla curso de posgrado sobre servicios ecosist\u00e9micos en INIA La Estanzuela\u00bb<\/span><\/a><\/p>\n","protected":false},"author":5,"featured_media":0,"comment_status":"closed","ping_status":"closed","sticky":false,"template":"","format":"standard","meta":{"_uag_custom_page_level_css":"","footnotes":""},"categories":[3],"tags":[],"class_list":["post-7980","post","type-post","status-publish","format-standard","hentry","category-7dias"],"uagb_featured_image_src":{"full":false,"thumbnail":false,"medium":false,"medium_large":false,"large":false,"1536x1536":false,"2048x2048":false,"post-thumbnail":false},"uagb_author_info":{"display_name":"Juan Pablo","author_link":"https:\/\/audec.edu.uy\/index.php\/author\/juan-pablo\/"},"uagb_comment_info":0,"uagb_excerpt":"1 DE DICIEMBRE LA DIARIA Desde el lunes 1\u00b0 hasta el viernes 5, en el Instituto Nacional de Investigaci\u00f3n Agropecuaria (INIA) de La Estanzuela, Colonia, se desarrolla un curso de posgrado denominado \u201cServicios Ecosist\u00e9micos: su cuantificaci\u00f3n y uso en contextos agropecuarios del Sur de Sudam\u00e9rica\u201d. El curso es financiado por la Regional Suroeste de la&hellip;","_links":{"self":[{"href":"https:\/\/audec.edu.uy\/index.php\/wp-json\/wp\/v2\/posts\/7980","targetHints":{"allow":["GET"]}}],"collection":[{"href":"https:\/\/audec.edu.uy\/index.php\/wp-json\/wp\/v2\/posts"}],"about":[{"href":"https:\/\/audec.edu.uy\/index.php\/wp-json\/wp\/v2\/types\/post"}],"author":[{"embeddable":true,"href":"https:\/\/audec.edu.uy\/index.php\/wp-json\/wp\/v2\/users\/5"}],"replies":[{"embeddable":true,"href":"https:\/\/audec.edu.uy\/index.php\/wp-json\/wp\/v2\/comments?post=7980"}],"version-history":[{"count":1,"href":"https:\/\/audec.edu.uy\/index.php\/wp-json\/wp\/v2\/posts\/7980\/revisions"}],"predecessor-version":[{"id":7981,"href":"https:\/\/audec.edu.uy\/index.php\/wp-json\/wp\/v2\/posts\/7980\/revisions\/7981"}],"wp:attachment":[{"href":"https:\/\/audec.edu.uy\/index.php\/wp-json\/wp\/v2\/media?parent=7980"}],"wp:term":[{"taxonomy":"category","embeddable":true,"href":"https:\/\/audec.edu.uy\/index.php\/wp-json\/wp\/v2\/categories?post=7980"},{"taxonomy":"post_tag","embeddable":true,"href":"https:\/\/audec.edu.uy\/index.php\/wp-json\/wp\/v2\/tags?post=7980"}],"curies":[{"name":"wp","href":"https:\/\/api.w.org\/{rel}","templated":true}]}}