{"id":7911,"date":"2025-11-26T09:01:15","date_gmt":"2025-11-26T12:01:15","guid":{"rendered":"https:\/\/audec.edu.uy\/?p=7911"},"modified":"2025-11-26T09:06:33","modified_gmt":"2025-11-26T12:06:33","slug":"dos-ninos-de-10-anos-entraron-a-la-escuela-con-un-arma-blanca-y-amenazaron-a-sus-companeros-en-salto","status":"publish","type":"post","link":"https:\/\/audec.edu.uy\/index.php\/2025\/11\/26\/dos-ninos-de-10-anos-entraron-a-la-escuela-con-un-arma-blanca-y-amenazaron-a-sus-companeros-en-salto\/","title":{"rendered":"Dos ni\u00f1os de 10 a\u00f1os entraron a la escuela con un arma blanca y amenazaron a sus compa\u00f1eros en Salto"},"content":{"rendered":"\n<p>26 DE NOVIEMBRE<\/p>\n\n\n\n<p>EL OBSERVADOR<\/p>\n\n\n\n<p>La&nbsp;Polic\u00eda de Salto&nbsp;investiga un&nbsp;caso de violencia ocurrido en una escuela&nbsp;del departamento, donde&nbsp;dos ni\u00f1os de 10 a\u00f1os ingresaron al establecimiento educativo con un arma blanca y amenazaron a sus compa\u00f1eros.<\/p>\n\n\n\n<p>El incidente se registr\u00f3 en la ma\u00f1ana de este martes, alrededor de las 9:00 horas. Seg\u00fan inform\u00f3 la Polic\u00eda salte\u00f1a,&nbsp;un llamado al 911 alert\u00f3 sobre las amenazas con un arma blanca en la escuela. Al llegar al establecimiento, los agentes fueron recibidos por la subdirectora, quien inform\u00f3 que dos alumnos de 10 a\u00f1os hab\u00edan ingresado a la instituci\u00f3n con un arma blanca y amenazado a sus compa\u00f1eros.<\/p>\n\n\n\n<p>El arma fue incautada en el lugar, y se procedi\u00f3 a convocar a los responsables de los menores. Los ni\u00f1os fueron trasladados a dependencias policiales.<\/p>\n\n\n\n<p>El caso se encuentra actualmente en manos de la Fiscal\u00eda y contin\u00faa bajo investigaci\u00f3n por parte de la Polic\u00eda.<\/p>\n","protected":false},"excerpt":{"rendered":"<p>26 DE NOVIEMBRE EL OBSERVADOR La&nbsp;Polic\u00eda de Salto&nbsp;investiga un&nbsp;caso de violencia ocurrido en una escuela&nbsp;del departamento, donde&nbsp;dos ni\u00f1os de 10 a\u00f1os ingresaron al establecimiento educativo con un arma blanca y amenazaron a sus compa\u00f1eros. El incidente se registr\u00f3 en la ma\u00f1ana de este martes, alrededor de las 9:00 horas. Seg\u00fan inform\u00f3 la Polic\u00eda salte\u00f1a,&nbsp;un llamado &hellip; <a href=\"https:\/\/audec.edu.uy\/index.php\/2025\/11\/26\/dos-ninos-de-10-anos-entraron-a-la-escuela-con-un-arma-blanca-y-amenazaron-a-sus-companeros-en-salto\/\" class=\"more-link\">Continue reading<span class=\"screen-reader-text\"> \u00abDos ni\u00f1os de 10 a\u00f1os entraron a la escuela con un arma blanca y amenazaron a sus compa\u00f1eros en Salto\u00bb<\/span><\/a><\/p>\n","protected":false},"author":5,"featured_media":0,"comment_status":"closed","ping_status":"closed","sticky":false,"template":"","format":"standard","meta":{"_uag_custom_page_level_css":"","footnotes":""},"categories":[3],"tags":[],"class_list":["post-7911","post","type-post","status-publish","format-standard","hentry","category-7dias"],"uagb_featured_image_src":{"full":false,"thumbnail":false,"medium":false,"medium_large":false,"large":false,"1536x1536":false,"2048x2048":false,"post-thumbnail":false},"uagb_author_info":{"display_name":"Juan Pablo","author_link":"https:\/\/audec.edu.uy\/index.php\/author\/juan-pablo\/"},"uagb_comment_info":0,"uagb_excerpt":"26 DE NOVIEMBRE EL OBSERVADOR La&nbsp;Polic\u00eda de Salto&nbsp;investiga un&nbsp;caso de violencia ocurrido en una escuela&nbsp;del departamento, donde&nbsp;dos ni\u00f1os de 10 a\u00f1os ingresaron al establecimiento educativo con un arma blanca y amenazaron a sus compa\u00f1eros. El incidente se registr\u00f3 en la ma\u00f1ana de este martes, alrededor de las 9:00 horas. Seg\u00fan inform\u00f3 la Polic\u00eda salte\u00f1a,&nbsp;un llamado&hellip;","_links":{"self":[{"href":"https:\/\/audec.edu.uy\/index.php\/wp-json\/wp\/v2\/posts\/7911","targetHints":{"allow":["GET"]}}],"collection":[{"href":"https:\/\/audec.edu.uy\/index.php\/wp-json\/wp\/v2\/posts"}],"about":[{"href":"https:\/\/audec.edu.uy\/index.php\/wp-json\/wp\/v2\/types\/post"}],"author":[{"embeddable":true,"href":"https:\/\/audec.edu.uy\/index.php\/wp-json\/wp\/v2\/users\/5"}],"replies":[{"embeddable":true,"href":"https:\/\/audec.edu.uy\/index.php\/wp-json\/wp\/v2\/comments?post=7911"}],"version-history":[{"count":1,"href":"https:\/\/audec.edu.uy\/index.php\/wp-json\/wp\/v2\/posts\/7911\/revisions"}],"predecessor-version":[{"id":7912,"href":"https:\/\/audec.edu.uy\/index.php\/wp-json\/wp\/v2\/posts\/7911\/revisions\/7912"}],"wp:attachment":[{"href":"https:\/\/audec.edu.uy\/index.php\/wp-json\/wp\/v2\/media?parent=7911"}],"wp:term":[{"taxonomy":"category","embeddable":true,"href":"https:\/\/audec.edu.uy\/index.php\/wp-json\/wp\/v2\/categories?post=7911"},{"taxonomy":"post_tag","embeddable":true,"href":"https:\/\/audec.edu.uy\/index.php\/wp-json\/wp\/v2\/tags?post=7911"}],"curies":[{"name":"wp","href":"https:\/\/api.w.org\/{rel}","templated":true}]}}