{"id":7907,"date":"2025-11-26T09:00:49","date_gmt":"2025-11-26T12:00:49","guid":{"rendered":"https:\/\/audec.edu.uy\/?p=7907"},"modified":"2025-11-26T09:06:41","modified_gmt":"2025-11-26T12:06:41","slug":"estamos-usando-la-tecnologia-o-la-tecnologia-nos-esta-usando-a-nosotros","status":"publish","type":"post","link":"https:\/\/audec.edu.uy\/index.php\/2025\/11\/26\/estamos-usando-la-tecnologia-o-la-tecnologia-nos-esta-usando-a-nosotros\/","title":{"rendered":"\u00bfEstamos usando la tecnolog\u00eda, o la tecnolog\u00eda nos est\u00e1 usando a nosotros?"},"content":{"rendered":"\n<p>26 DE NOVIEMBRE<\/p>\n\n\n\n<p>LA REPUBLICA<\/p>\n\n\n\n<p><strong>Por&nbsp;In\u00e9s Mar\u00eda Alfonso Rodriguez<\/strong><\/p>\n\n\n\n<p>Con m\u00e1s de 797,000 equipos en uso actualmente, el plan ha logrado llevar computadoras e internet a escuelas, liceos y espacios p\u00fablicos, transformando radicalmente el acceso a la informaci\u00f3n y las herramientas educativas para miles de estudiantes y docentes. Sin embargo, a casi dos d\u00e9cadas de su implementaci\u00f3n, surgen preguntas fundamentales sobre su verdadero impacto pedag\u00f3gico y los nuevos desaf\u00edos que enfrenta en un mundo digital cada vez m\u00e1s complejo.<\/p>\n\n\n\n<p>Los n\u00fameros del Plan Ceibal son elocuentes: seg\u00fan su Memoria Anual de 2020-2024, el programa hab\u00eda entregado ya m\u00e1s de 663,000 computadoras port\u00e1tiles. Desde 2024, en todos los centros educativos (2.993 instituciones) hay conexi\u00f3n a internet por banda ancha y 97% de la comunidad de estudiantes accede a conexi\u00f3n por fibra \u00f3ptica. Ceibal cuenta con el sistema de videoconferencia m\u00e1s grande de Am\u00e9rica Latina. Solo en 2020 hubo 163.207 conferencias en CREA, un total de 131.283 horas de uso.<\/p>\n\n\n\n<p>Las ventajas de las Tecnolog\u00edas de la Informaci\u00f3n y la Comunicaci\u00f3n (TIC) en el \u00e1mbito educativo son ampliamente reconocidas en investigaciones recientes. Como se\u00f1ala Analicia Bastidas en su estudio, en el uso de la tecnolog\u00eda en educaci\u00f3n primaria, estas herramientas facilitan el acceso a recursos did\u00e1cticos diversos, promueven la colaboraci\u00f3n entre estudiantes y permiten personalizar el aprendizaje. Programas como la Biblioteca Digital Ceibal -con m\u00e1s de 1,600 libros y 200 fichas hist\u00f3ricas-, las videoconferencias y la rob\u00f3tica educativa han enriquecido significativamente las experiencias en el aula.<\/p>\n\n\n\n<p>Sin embargo, los celulares contin\u00faan ganando protagonismo en un mundo que sigue escalando en la era digital. Ante esto surge la pregunta \u00bfLa apropiaci\u00f3n de estos dispositivos realmente presentan sentido pedag\u00f3gico?<\/p>\n\n\n\n<p>En los primeros a\u00f1os de escolarizaci\u00f3n, donde se construyen los cimientos del aprendizaje y se desarrollan las habilidades cognitivas b\u00e1sicas, la introducci\u00f3n del celular como herramienta educativa merece una mirada especialmente cuidadosa. Por un lado, podr\u00eda potencialmente enriquecer ciertos procesos de aprendizaje mediante aplicaciones interactivas, acceso inmediato a informaci\u00f3n o la creaci\u00f3n de contenidos multimedia. Sin embargo, surge la duda de si esta supuesta ventaja pedag\u00f3gica no es m\u00e1s que una adaptaci\u00f3n acr\u00edtica a la inevitabilidad tecnol\u00f3gica.<\/p>\n\n\n\n<p>Este comportamiento no es meramente instrumental, el celular representa para el estudiante un espacio de autonom\u00eda y personalizaci\u00f3n, donde las aplicaciones, los accesos y los contenidos se organizan seg\u00fan sus intereses y ritmos. La elecci\u00f3n del celular refleja una competencia digital adquirida de manera informal, fuera del \u00e1mbito educativo.<\/p>\n\n\n\n<p>Este fen\u00f3meno se\u00f1ala que el acceso material a la tecnolog\u00eda es solo el primer paso. El verdadero desaf\u00edo reside en generar una cultura de uso cr\u00edtico y creativo, donde los dispositivos se integren de manera significativa en los procesos de aprendizaje. No se trata de sustituir uno por otro, sino de comprender las motivaciones, los h\u00e1bitos y los significados que los estudiantes atribuyen a cada tecnolog\u00eda, para desde all\u00ed dise\u00f1ar propuestas pedag\u00f3gicas que aprovechen sus potencialidades sin descuidar los fines educativos.<\/p>\n\n\n\n<p>No obstante, las desventajas del uso indiscriminado de la tecnolog\u00eda se han hecho cada vez m\u00e1s evidentes. Un informe de Unicef advierte que el uso excesivo de dispositivos ni\u00f1os, adolescentes y j\u00f3venes est\u00e1 asociado con problemas de atenci\u00f3n, ansiedad y bajo rendimiento acad\u00e9mico. La exposici\u00f3n temprana y prolongada a pantallas limita las interacciones cara a cara, esenciales para el desarrollo del lenguaje y la empat\u00eda. Asimismo, expertos se\u00f1alan que el uso intensivo de pantallas, reduce la capacidad de concentraci\u00f3n y altera los ciclos de sue\u00f1o.<\/p>\n\n\n\n<p>En el \u00e1mbito espec\u00edficamente pedag\u00f3gico, atendiendo al impacto de la tecnolog\u00eda dentro de la educaci\u00f3n primaria se identifican varias problem\u00e1ticas persistentes, pues persiste una brecha entre el acceso a la tecnolog\u00eda y su aplicaci\u00f3n efectiva en el aula. El celular se ha convertido en un espejo de las contradicciones del aprendizaje contempor\u00e1neo. Por un lado, representa la puerta de acceso inmediato al conocimiento, la herramienta que permite consultar dudas al instante, colaborar con compa\u00f1eros o explorar conceptos a trav\u00e9s de m\u00faltiples formatos, todo condensado en un dispositivo que cabe en el bolsillo.<\/p>\n\n\n\n<p>Sin embargo, esta misma naturaleza multifac\u00e9tica es la que abre la puerta a la procrastinaci\u00f3n. La barrera entre el uso educativo y el escape distractivo resulta extraordinariamente permeable. Un mismo gesto \u2013 deslizar el dedo sobre la pantalla \u2013 puede significar tanto la b\u00fasqueda de un art\u00edculo acad\u00e9mico como el inicio de un viaje sin rumbo por redes sociales y contenidos vac\u00edos. La misma herramienta que potencia la autonom\u00eda del estudiante tambi\u00e9n puede convertirse en el sustituto de su capacidad de concentraci\u00f3n.<\/p>\n\n\n\n<p>El concepto de \u00abhigiene digital\u00bb emerge como una necesidad urgente en este contexto. Pa\u00edses como Suecia han implementado el \u00abApag\u00f3n digital\u00bb, revisando su plan de educaci\u00f3n digital y destinando fondos para asegurar un libro de texto f\u00edsico por asignatura despu\u00e9s de observar una ca\u00edda en el desempe\u00f1o en comprensi\u00f3n lectora. La Unesco ha recomendado prohibir el uso de tel\u00e9fonos celulares en las escuelas, bas\u00e1ndose en estudios que muestran que esto mejora el rendimiento acad\u00e9mico.<\/p>\n\n\n\n<p>En Uruguay, el desaf\u00edo es particularmente complejo. Por un lado, el Plan Ceibal logr\u00f3 lo que pocos pa\u00edses consiguieron: acceso masivo a la tecnolog\u00eda. Por otro lado, como se\u00f1ala el Dr. Eduardo Rodr\u00edguez Zid\u00e1n de la Universidad ORT, \u00abel aprovechamiento de los dispositivos digitales todav\u00eda es incipiente\u00bb. Persisten mitos que act\u00faan como barreras para el uso pedag\u00f3gico, y el impacto de la tecnolog\u00eda m\u00f3vil est\u00e1 limitado por factores tanto objetivos como subjetivos.<\/p>\n\n\n\n<p>Las habilidades del siglo XXI requieren un enfoque equilibrado. Seg\u00fan organismos internacionales, los estudiantes necesitan desarrollar no solo conocimientos tradicionales sino tambi\u00e9n pensamiento cr\u00edtico, creatividad, colaboraci\u00f3n y ciudadan\u00eda digital. Esto implica transformar el modelo de ense\u00f1anza tradicional, que se basa en gran parte en el aprendizaje de memoria y la instrucci\u00f3n pasiva, hacia enfoques m\u00e1s activos y centrados en el estudiante.<\/p>\n\n\n\n<p>Uruguay es hoy uno de los pa\u00edses con mayor conectividad y equipamiento tecnol\u00f3gico en la regi\u00f3n. Sin embargo, el verdadero \u00e9xito depende de c\u00f3mo se utilicen estos recursos para transformar las pr\u00e1cticas educativas. La tecnolog\u00eda por s\u00ed sola no mejora el aprendizaje; requiere de un enfoque pedag\u00f3gico claro, docentes capacitados y una reflexi\u00f3n cr\u00edtica sobre su uso.<\/p>\n\n\n\n<p>El futuro de la educaci\u00f3n digital en Uruguay se encuentra en una encrucijada. Debe navegar entre el potencial transformador de las TIC y los riesgos de su uso indiscriminado, entre la innovaci\u00f3n pedag\u00f3gica y la preservaci\u00f3n de lo valioso en los m\u00e9todos tradicionales, entre la conectividad constante y la necesaria desconexi\u00f3n. El desaf\u00edo ya no es tecnol\u00f3gico, sino esencialmente pedag\u00f3gico y cultural. El reto hoy est\u00e1 en c\u00f3mo lograr que la formaci\u00f3n docente se convierta en un \u00e1mbito en donde no solo se incorpore la tecnolog\u00eda, sino que adem\u00e1s lidere el proceso de reflexi\u00f3n pedag\u00f3gica.<\/p>\n\n\n\n<p>El Plan Ceibal sent\u00f3 las bases para una educaci\u00f3n m\u00e1s inclusiva y conectada, pero el camino hacia una integraci\u00f3n efectiva de la tecnolog\u00eda a\u00fan requiere de ajustes, di\u00e1logo continuo y una mirada pedag\u00f3gica renovada que equilibre lo digital con lo humano, la innovaci\u00f3n con la prudencia, y el acceso con el uso significativo. El futuro no est\u00e1 en elegir entre lo digital y lo anal\u00f3gico, sino en encontrar el punto de equilibrio que permita formar ciudadanos preparados para los desaf\u00edos complejos del siglo XXI.<\/p>\n\n\n\n<p>El verdadero desaf\u00edo no est\u00e1 en eliminar el dispositivo, sino en aprender a navegar esa delgada l\u00ednea donde la herramienta deja de ser un apoyo para convertirse en una evasi\u00f3n. La procrastinaci\u00f3n digital no es un vicio moral, sino el s\u00edntoma de una relaci\u00f3n a\u00fan no madurada con una tecnolog\u00eda que lo ofrece todo, sin distinguir entre lo esencial y lo superfluo.<\/p>\n","protected":false},"excerpt":{"rendered":"<p>26 DE NOVIEMBRE LA REPUBLICA Por&nbsp;In\u00e9s Mar\u00eda Alfonso Rodriguez Con m\u00e1s de 797,000 equipos en uso actualmente, el plan ha logrado llevar computadoras e internet a escuelas, liceos y espacios p\u00fablicos, transformando radicalmente el acceso a la informaci\u00f3n y las herramientas educativas para miles de estudiantes y docentes. Sin embargo, a casi dos d\u00e9cadas de &hellip; <a href=\"https:\/\/audec.edu.uy\/index.php\/2025\/11\/26\/estamos-usando-la-tecnologia-o-la-tecnologia-nos-esta-usando-a-nosotros\/\" class=\"more-link\">Continue reading<span class=\"screen-reader-text\"> \u00ab\u00bfEstamos usando la tecnolog\u00eda, o la tecnolog\u00eda nos est\u00e1 usando a nosotros?\u00bb<\/span><\/a><\/p>\n","protected":false},"author":5,"featured_media":0,"comment_status":"closed","ping_status":"closed","sticky":false,"template":"","format":"standard","meta":{"_uag_custom_page_level_css":"","footnotes":""},"categories":[3],"tags":[],"class_list":["post-7907","post","type-post","status-publish","format-standard","hentry","category-7dias"],"uagb_featured_image_src":{"full":false,"thumbnail":false,"medium":false,"medium_large":false,"large":false,"1536x1536":false,"2048x2048":false,"post-thumbnail":false},"uagb_author_info":{"display_name":"Juan Pablo","author_link":"https:\/\/audec.edu.uy\/index.php\/author\/juan-pablo\/"},"uagb_comment_info":0,"uagb_excerpt":"26 DE NOVIEMBRE LA REPUBLICA Por&nbsp;In\u00e9s Mar\u00eda Alfonso Rodriguez Con m\u00e1s de 797,000 equipos en uso actualmente, el plan ha logrado llevar computadoras e internet a escuelas, liceos y espacios p\u00fablicos, transformando radicalmente el acceso a la informaci\u00f3n y las herramientas educativas para miles de estudiantes y docentes. Sin embargo, a casi dos d\u00e9cadas de&hellip;","_links":{"self":[{"href":"https:\/\/audec.edu.uy\/index.php\/wp-json\/wp\/v2\/posts\/7907","targetHints":{"allow":["GET"]}}],"collection":[{"href":"https:\/\/audec.edu.uy\/index.php\/wp-json\/wp\/v2\/posts"}],"about":[{"href":"https:\/\/audec.edu.uy\/index.php\/wp-json\/wp\/v2\/types\/post"}],"author":[{"embeddable":true,"href":"https:\/\/audec.edu.uy\/index.php\/wp-json\/wp\/v2\/users\/5"}],"replies":[{"embeddable":true,"href":"https:\/\/audec.edu.uy\/index.php\/wp-json\/wp\/v2\/comments?post=7907"}],"version-history":[{"count":1,"href":"https:\/\/audec.edu.uy\/index.php\/wp-json\/wp\/v2\/posts\/7907\/revisions"}],"predecessor-version":[{"id":7908,"href":"https:\/\/audec.edu.uy\/index.php\/wp-json\/wp\/v2\/posts\/7907\/revisions\/7908"}],"wp:attachment":[{"href":"https:\/\/audec.edu.uy\/index.php\/wp-json\/wp\/v2\/media?parent=7907"}],"wp:term":[{"taxonomy":"category","embeddable":true,"href":"https:\/\/audec.edu.uy\/index.php\/wp-json\/wp\/v2\/categories?post=7907"},{"taxonomy":"post_tag","embeddable":true,"href":"https:\/\/audec.edu.uy\/index.php\/wp-json\/wp\/v2\/tags?post=7907"}],"curies":[{"name":"wp","href":"https:\/\/api.w.org\/{rel}","templated":true}]}}