{"id":7899,"date":"2025-11-26T08:57:23","date_gmt":"2025-11-26T11:57:23","guid":{"rendered":"https:\/\/audec.edu.uy\/?p=7899"},"modified":"2025-11-26T09:07:01","modified_gmt":"2025-11-26T12:07:01","slug":"otro-colegio-de-montevideo-comunico-que-cerrara-sus-puertas-en-2026-ofrecia-educacion-primaria-e-inicial","status":"publish","type":"post","link":"https:\/\/audec.edu.uy\/index.php\/2025\/11\/26\/otro-colegio-de-montevideo-comunico-que-cerrara-sus-puertas-en-2026-ofrecia-educacion-primaria-e-inicial\/","title":{"rendered":"Otro colegio de Montevideo comunic\u00f3 que cerrar\u00e1 sus puertas en 2026: ofrec\u00eda educaci\u00f3n primaria e inicial"},"content":{"rendered":"\n<p>26 DE NOVIEMBRE<\/p>\n\n\n\n<p>EL PAIS<\/p>\n\n\n\n<p>El colegio&nbsp;Rosa M\u00edstica, ubicado en el barrio de&nbsp;Sayago, cerrar\u00e1 sus puertas en 2026, seg\u00fan inform\u00f3&nbsp;El Observador&nbsp;y confirm\u00f3&nbsp;El Pa\u00eds&nbsp;con fuentes de la instituci\u00f3n. El centro educativo, que es biling\u00fce, fue fundado en 1950 y forma parte de la Congregaci\u00f3n de las Hermanas de la Providencia, oriunda de&nbsp;Italia.<\/p>\n\n\n\n<p>El colegio ofrec\u00eda tanto educaci\u00f3n inicial como primaria, adem\u00e1s de una colonia de verano entre los meses de enero y marzo. El cierre de la instituci\u00f3n se suma al del&nbsp;colegio Los Vascos, el jard\u00edn \u00abSonrisitas\u00bb del Cerro y la&nbsp;escuela ACJ, ubicada en&nbsp;Cord\u00f3n, que fueron anunciados este a\u00f1o.<\/p>\n\n\n\n<p>Un 15% de la matr\u00edcula total es atendida con ofertas de&nbsp;educaci\u00f3n privada, seg\u00fan cifras oficiales, con distintos porcentajes en inicial (21%), primaria (16,5%), educaci\u00f3n media b\u00e1sica (15%) y bachillerato (10%). Se estima que alrededor de&nbsp;110.000 j\u00f3venes&nbsp;asisten a la educaci\u00f3n privada. En todo el pa\u00eds, hay unos&nbsp;360 colegios habilitados y 18 autorizados.<\/p>\n\n\n\n<p>Juan Achard, director nacional adjunto de la Asociaci\u00f3n de Colegios Cat\u00f3licos (Audec),&nbsp;hab\u00eda explicado en entrevista con El Pa\u00eds a finales de setiembre&nbsp;que la&nbsp;ca\u00edda de la matr\u00edcula&nbsp;en Primaria este a\u00f1o fue de 7,6%. \u00abNo tenemos por qu\u00e9 pensar que vaya a ser menor para el a\u00f1o que viene\u00bb ese porcentaje, a\u00f1adi\u00f3 en su momento, y se\u00f1al\u00f3 que el sistema educativo estaba en un escenario de crisis por la baja de la natalidad. <a href=\"http:\/\/www.elpais.com.uy\">www.elpais.com.uy<\/a><\/p>\n","protected":false},"excerpt":{"rendered":"<p>26 DE NOVIEMBRE EL PAIS El colegio&nbsp;Rosa M\u00edstica, ubicado en el barrio de&nbsp;Sayago, cerrar\u00e1 sus puertas en 2026, seg\u00fan inform\u00f3&nbsp;El Observador&nbsp;y confirm\u00f3&nbsp;El Pa\u00eds&nbsp;con fuentes de la instituci\u00f3n. El centro educativo, que es biling\u00fce, fue fundado en 1950 y forma parte de la Congregaci\u00f3n de las Hermanas de la Providencia, oriunda de&nbsp;Italia. El colegio ofrec\u00eda tanto &hellip; <a href=\"https:\/\/audec.edu.uy\/index.php\/2025\/11\/26\/otro-colegio-de-montevideo-comunico-que-cerrara-sus-puertas-en-2026-ofrecia-educacion-primaria-e-inicial\/\" class=\"more-link\">Continue reading<span class=\"screen-reader-text\"> \u00abOtro colegio de Montevideo comunic\u00f3 que cerrar\u00e1 sus puertas en 2026: ofrec\u00eda educaci\u00f3n primaria e inicial\u00bb<\/span><\/a><\/p>\n","protected":false},"author":5,"featured_media":0,"comment_status":"closed","ping_status":"closed","sticky":false,"template":"","format":"standard","meta":{"_uag_custom_page_level_css":"","footnotes":""},"categories":[3],"tags":[],"class_list":["post-7899","post","type-post","status-publish","format-standard","hentry","category-7dias"],"uagb_featured_image_src":{"full":false,"thumbnail":false,"medium":false,"medium_large":false,"large":false,"1536x1536":false,"2048x2048":false,"post-thumbnail":false},"uagb_author_info":{"display_name":"Juan Pablo","author_link":"https:\/\/audec.edu.uy\/index.php\/author\/juan-pablo\/"},"uagb_comment_info":0,"uagb_excerpt":"26 DE NOVIEMBRE EL PAIS El colegio&nbsp;Rosa M\u00edstica, ubicado en el barrio de&nbsp;Sayago, cerrar\u00e1 sus puertas en 2026, seg\u00fan inform\u00f3&nbsp;El Observador&nbsp;y confirm\u00f3&nbsp;El Pa\u00eds&nbsp;con fuentes de la instituci\u00f3n. El centro educativo, que es biling\u00fce, fue fundado en 1950 y forma parte de la Congregaci\u00f3n de las Hermanas de la Providencia, oriunda de&nbsp;Italia. El colegio ofrec\u00eda tanto&hellip;","_links":{"self":[{"href":"https:\/\/audec.edu.uy\/index.php\/wp-json\/wp\/v2\/posts\/7899","targetHints":{"allow":["GET"]}}],"collection":[{"href":"https:\/\/audec.edu.uy\/index.php\/wp-json\/wp\/v2\/posts"}],"about":[{"href":"https:\/\/audec.edu.uy\/index.php\/wp-json\/wp\/v2\/types\/post"}],"author":[{"embeddable":true,"href":"https:\/\/audec.edu.uy\/index.php\/wp-json\/wp\/v2\/users\/5"}],"replies":[{"embeddable":true,"href":"https:\/\/audec.edu.uy\/index.php\/wp-json\/wp\/v2\/comments?post=7899"}],"version-history":[{"count":1,"href":"https:\/\/audec.edu.uy\/index.php\/wp-json\/wp\/v2\/posts\/7899\/revisions"}],"predecessor-version":[{"id":7900,"href":"https:\/\/audec.edu.uy\/index.php\/wp-json\/wp\/v2\/posts\/7899\/revisions\/7900"}],"wp:attachment":[{"href":"https:\/\/audec.edu.uy\/index.php\/wp-json\/wp\/v2\/media?parent=7899"}],"wp:term":[{"taxonomy":"category","embeddable":true,"href":"https:\/\/audec.edu.uy\/index.php\/wp-json\/wp\/v2\/categories?post=7899"},{"taxonomy":"post_tag","embeddable":true,"href":"https:\/\/audec.edu.uy\/index.php\/wp-json\/wp\/v2\/tags?post=7899"}],"curies":[{"name":"wp","href":"https:\/\/api.w.org\/{rel}","templated":true}]}}