{"id":7892,"date":"2025-11-24T10:57:26","date_gmt":"2025-11-24T13:57:26","guid":{"rendered":"https:\/\/audec.edu.uy\/?p=7892"},"modified":"2025-11-25T10:57:35","modified_gmt":"2025-11-25T13:57:35","slug":"piriapolis-anep-modificara-un-resistido-plan-para-afrontar-la-superpoblacion-escolar-en-punta-colorada","status":"publish","type":"post","link":"https:\/\/audec.edu.uy\/index.php\/2025\/11\/24\/piriapolis-anep-modificara-un-resistido-plan-para-afrontar-la-superpoblacion-escolar-en-punta-colorada\/","title":{"rendered":"Piri\u00e1polis: ANEP modificar\u00e1 un resistido plan para afrontar la superpoblaci\u00f3n escolar en Punta Colorada"},"content":{"rendered":"\n<p>24 DE NOVIEMBRE<\/p>\n\n\n\n<p>LA DIARIA<\/p>\n\n\n\n<p>Tras reunirse con familias de estudiantes de las escuela 89 de Punta Colorada \u2013en la que tambi\u00e9n hubo familias de la escuela 45 de Playa Verde\u2013, la directora nacional de Primaria, Gabriela Salsamendi, resolvi\u00f3 dejar sin efecto la circular propuesta por la Administraci\u00f3n Nacional de Educaci\u00f3n P\u00fablica (ANEP) de&nbsp;\u201cdesdoblar la escuela y reclasificarla como urbana\u201d, como medida para afrontar el aumento de la matr\u00edcula.<\/p>\n\n\n\n<p>Federico Coirolo, uno de los familiares, dijo a&nbsp;la diaria&nbsp;que es \u201cfundamental\u201d no dividir la escuela en dos turnos, dado que \u201cel sistema rural logra que todos los ni\u00f1os se conozcan entre s\u00ed y convivan\u201d, a diferencia de los centros educativos urbanos. Adem\u00e1s, esa medida implicar\u00eda \u201cseparar hermanos, o [algunos] ni\u00f1os tendr\u00edan que dejar la escuela porque los padres no pueden llevarlos en el mismo horario a diferentes escuelas por cuestiones laborales o de otra \u00edndole\u201d.<\/p>\n\n\n\n<p>La escuela, que actualmente tiene 112 estudiantes, necesita de un cargo docente m\u00e1s, inform\u00f3 Coirolo, y asegur\u00f3 que \u201cse viene reclamando hace a\u00f1os\u201d, debido a la cantidad de alumnos por aulas, que en algunos casos llegan a ser m\u00e1s de 35. Esto ser\u00e1 confirmado por Salsamendi el 5 de diciembre, aunque ya se les transmiti\u00f3 que se destinar\u00e1 un profesor de Educaci\u00f3n F\u00edsica para cada escuela.<\/p>\n\n\n\n<p>Por otro lado, inform\u00f3 que se dio el cierre de matr\u00edcula, es decir, que \u201cno se pueden anotar m\u00e1s ni\u00f1os en la escuela\u201d. Este martes una arquitecta visitar\u00e1 el predio municipal delantero a la escuela para analizar la posibilidad de utilizarlo para otros fines.<\/p>\n\n\n\n<p>Unas de las opciones, seg\u00fan mencion\u00f3 Coirolo, es \u201ctrasladar el patio de juegos a este espacio y, en su lugar, construir otro sal\u00f3n o varios salones, o viceversa\u201d. Para ejecutarlo requerir\u00e1 de la autorizaci\u00f3n y el asesoramiento de la ANEP. Mientras se construyan estos salones, la idea \u201cpaliativa\u201d ser\u00eda instalar aulas en contenedores, dijo.<\/p>\n\n\n\n<p>A pesar de \u201cla falta de recursos\u201d, se\u00f1al\u00f3 que \u201chay una comunidad de padres muy comprometida\u201d que se encargan de arreglar desde una cisterna rota hasta cortar el pasto de la escuela y sus alrededores. Asegur\u00f3 que desean \u201cseguir haci\u00e9ndolo\u201d y que la escuela p\u00fablica \u201ces la mejor opci\u00f3n que puede haber para los ni\u00f1os\u201d.<\/p>\n","protected":false},"excerpt":{"rendered":"<p>24 DE NOVIEMBRE LA DIARIA Tras reunirse con familias de estudiantes de las escuela 89 de Punta Colorada \u2013en la que tambi\u00e9n hubo familias de la escuela 45 de Playa Verde\u2013, la directora nacional de Primaria, Gabriela Salsamendi, resolvi\u00f3 dejar sin efecto la circular propuesta por la Administraci\u00f3n Nacional de Educaci\u00f3n P\u00fablica (ANEP) de&nbsp;\u201cdesdoblar la &hellip; <a href=\"https:\/\/audec.edu.uy\/index.php\/2025\/11\/24\/piriapolis-anep-modificara-un-resistido-plan-para-afrontar-la-superpoblacion-escolar-en-punta-colorada\/\" class=\"more-link\">Continue reading<span class=\"screen-reader-text\"> \u00abPiri\u00e1polis: ANEP modificar\u00e1 un resistido plan para afrontar la superpoblaci\u00f3n escolar en Punta Colorada\u00bb<\/span><\/a><\/p>\n","protected":false},"author":5,"featured_media":0,"comment_status":"closed","ping_status":"closed","sticky":false,"template":"","format":"standard","meta":{"_uag_custom_page_level_css":"","footnotes":""},"categories":[3],"tags":[],"class_list":["post-7892","post","type-post","status-publish","format-standard","hentry","category-7dias"],"uagb_featured_image_src":{"full":false,"thumbnail":false,"medium":false,"medium_large":false,"large":false,"1536x1536":false,"2048x2048":false,"post-thumbnail":false},"uagb_author_info":{"display_name":"Juan Pablo","author_link":"https:\/\/audec.edu.uy\/index.php\/author\/juan-pablo\/"},"uagb_comment_info":0,"uagb_excerpt":"24 DE NOVIEMBRE LA DIARIA Tras reunirse con familias de estudiantes de las escuela 89 de Punta Colorada \u2013en la que tambi\u00e9n hubo familias de la escuela 45 de Playa Verde\u2013, la directora nacional de Primaria, Gabriela Salsamendi, resolvi\u00f3 dejar sin efecto la circular propuesta por la Administraci\u00f3n Nacional de Educaci\u00f3n P\u00fablica (ANEP) de&nbsp;\u201cdesdoblar la&hellip;","_links":{"self":[{"href":"https:\/\/audec.edu.uy\/index.php\/wp-json\/wp\/v2\/posts\/7892","targetHints":{"allow":["GET"]}}],"collection":[{"href":"https:\/\/audec.edu.uy\/index.php\/wp-json\/wp\/v2\/posts"}],"about":[{"href":"https:\/\/audec.edu.uy\/index.php\/wp-json\/wp\/v2\/types\/post"}],"author":[{"embeddable":true,"href":"https:\/\/audec.edu.uy\/index.php\/wp-json\/wp\/v2\/users\/5"}],"replies":[{"embeddable":true,"href":"https:\/\/audec.edu.uy\/index.php\/wp-json\/wp\/v2\/comments?post=7892"}],"version-history":[{"count":1,"href":"https:\/\/audec.edu.uy\/index.php\/wp-json\/wp\/v2\/posts\/7892\/revisions"}],"predecessor-version":[{"id":7893,"href":"https:\/\/audec.edu.uy\/index.php\/wp-json\/wp\/v2\/posts\/7892\/revisions\/7893"}],"wp:attachment":[{"href":"https:\/\/audec.edu.uy\/index.php\/wp-json\/wp\/v2\/media?parent=7892"}],"wp:term":[{"taxonomy":"category","embeddable":true,"href":"https:\/\/audec.edu.uy\/index.php\/wp-json\/wp\/v2\/categories?post=7892"},{"taxonomy":"post_tag","embeddable":true,"href":"https:\/\/audec.edu.uy\/index.php\/wp-json\/wp\/v2\/tags?post=7892"}],"curies":[{"name":"wp","href":"https:\/\/api.w.org\/{rel}","templated":true}]}}