{"id":7878,"date":"2025-11-25T10:55:46","date_gmt":"2025-11-25T13:55:46","guid":{"rendered":"https:\/\/audec.edu.uy\/?p=7878"},"modified":"2025-11-25T10:58:48","modified_gmt":"2025-11-25T13:58:48","slug":"gobierno-abrio-convocatoria-a-becas-para-estudiantes-de-educacion-media-que-incluiran-acompanamiento-academico","status":"publish","type":"post","link":"https:\/\/audec.edu.uy\/index.php\/2025\/11\/25\/gobierno-abrio-convocatoria-a-becas-para-estudiantes-de-educacion-media-que-incluiran-acompanamiento-academico\/","title":{"rendered":"Gobierno abri\u00f3 convocatoria a becas para estudiantes de educaci\u00f3n media que incluir\u00e1n acompa\u00f1amiento acad\u00e9mico"},"content":{"rendered":"\n<p>25 DE NOVIEMBRE<\/p>\n\n\n\n<p>LA DIARIA<\/p>\n\n\n\n<p>El gobierno anunci\u00f3 la apertura de las becas Buti\u00e1, dirigidas a estudiantes de educaci\u00f3n media, pero con novedades respecto de ediciones anteriores. Tal como se hab\u00eda planteado en la campa\u00f1a electoral y&nbsp;como el propio gobierno anunci\u00f3 al poco tiempo de entrar en funciones, se estableci\u00f3 un incremento en los montos que se otorgan, que ahora se diferenciar\u00e1n seg\u00fan el grado que cursen los becarios, y tambi\u00e9n ir\u00e1 aumentando la cantidad de destinatarios a lo largo del quinquenio.<\/p>\n\n\n\n<p>En ese sentido, de los 14.000 becarios que recibieron el apoyo este a\u00f1o, en 2026 se prev\u00e9 pasar a otorgar 22.500 becas. A su vez, en 2027 ser\u00e1n 35.000, que ascender\u00e1n a 50.000 en 2028 y, finalmente, en 2029 habr\u00e1 70.000 becas disponibles, seg\u00fan se\u00f1al\u00f3 a&nbsp;la diaria&nbsp;el director nacional de Educaci\u00f3n del Ministerio de Educaci\u00f3n y Cultura, Gabriel Quirici.<\/p>\n\n\n\n<p>Adem\u00e1s, los montos pasar\u00e1n de los 10.000 pesos anuales actuales a montos diferenciales seg\u00fan el tramo de la educaci\u00f3n media: en ciclo b\u00e1sico el apoyo ser\u00e1 de 13.000 pesos, en primero de bachillerato ascender\u00e1 a 17.000 pesos, en segundo de ese tramo a 21.000 pesos y en tercero a 25.000 pesos. En todos los casos, el monto se reparte en nueve pagos entre abril y diciembre.<\/p>\n\n\n\n<p>A partir de esta edici\u00f3n, los estudiantes deber\u00e1n firmar un acuerdo en el que se comprometen a cumplir con ciertas obligaciones marcadas en el reglamento de las becas Buti\u00e1. Por ejemplo, se exige la asistencia regular al centro educativo. En concreto, el reglamento plantea que \u201cser\u00e1 motivo para el cese temporal de la beca alcanzar un nivel de inasistencias injustificadas de m\u00e1s del 30% de las clases efectivamente dictadas\u201d en el lapso de tiempo determinado por la Administraci\u00f3n Nacional de Educaci\u00f3n P\u00fablica.<\/p>\n\n\n\n<p>Adem\u00e1s, para mantener el apoyo econ\u00f3mico es un requisito que el estudiante no permanezca m\u00e1s de dos a\u00f1os en el mismo grado. Al mismo tiempo, se generar\u00e1n apoyos acad\u00e9micos en acuerdo entre los referentes y los becarios. Al respecto, Quirici se\u00f1al\u00f3 que se est\u00e1 pensando en planes de apoyo a contraturno, que incluyan tambi\u00e9n a centros juveniles o espacios generados en acuerdo con intendencias departamentales.<\/p>\n\n\n\n<p>Pueden acceder a la beca personas de hasta 21 a\u00f1os que vayan a ingresar o cursen distintas propuestas de educaci\u00f3n media, tanto en liceos o escuelas t\u00e9cnicas de UTU como en otro tipo de programas. Los postulantes deben completar un formulario web en&nbsp;el sitio generado especialmente para la convocatoria&nbsp;y tienen plazo para hacerlo hasta el 16 de marzo.<\/p>\n\n\n\n<p>Las solicitudes ser\u00e1n evaluadas a partir de la situaci\u00f3n socioecon\u00f3mica de quienes piden el apoyo, que cuando se postulan deben completar un formulario con distintos datos. Al igual que en ediciones anteriores, se tendr\u00e1 en cuenta el \u00cdndice de Carencias Cr\u00edticas, a partir de la informaci\u00f3n completada en la postulaci\u00f3n. De todas formas, a partir de esta convocatoria, con esa informaci\u00f3n se generar\u00e1 un primer listado de becarios, que luego deber\u00e1 ser avalado por cada centro educativo, que, a su vez, podr\u00e1 introducir modificaciones. Con el objetivo de que las becas lleguen a todos quienes las precisan y en el entendido de que el ICC no tiene en cuenta todos los factores que dificultan el tr\u00e1nsito de los estudiantes por el sistema educativo, cada centro podr\u00e1 incluir a algunos estudiantes en el listado de becarios, m\u00e1s all\u00e1 de que estos no hayan postulado a la convocatoria.<\/p>\n","protected":false},"excerpt":{"rendered":"<p>25 DE NOVIEMBRE LA DIARIA El gobierno anunci\u00f3 la apertura de las becas Buti\u00e1, dirigidas a estudiantes de educaci\u00f3n media, pero con novedades respecto de ediciones anteriores. Tal como se hab\u00eda planteado en la campa\u00f1a electoral y&nbsp;como el propio gobierno anunci\u00f3 al poco tiempo de entrar en funciones, se estableci\u00f3 un incremento en los montos &hellip; <a href=\"https:\/\/audec.edu.uy\/index.php\/2025\/11\/25\/gobierno-abrio-convocatoria-a-becas-para-estudiantes-de-educacion-media-que-incluiran-acompanamiento-academico\/\" class=\"more-link\">Continue reading<span class=\"screen-reader-text\"> \u00abGobierno abri\u00f3 convocatoria a becas para estudiantes de educaci\u00f3n media que incluir\u00e1n acompa\u00f1amiento acad\u00e9mico\u00bb<\/span><\/a><\/p>\n","protected":false},"author":5,"featured_media":0,"comment_status":"closed","ping_status":"closed","sticky":false,"template":"","format":"standard","meta":{"_uag_custom_page_level_css":"","footnotes":""},"categories":[3],"tags":[],"class_list":["post-7878","post","type-post","status-publish","format-standard","hentry","category-7dias"],"uagb_featured_image_src":{"full":false,"thumbnail":false,"medium":false,"medium_large":false,"large":false,"1536x1536":false,"2048x2048":false,"post-thumbnail":false},"uagb_author_info":{"display_name":"Juan Pablo","author_link":"https:\/\/audec.edu.uy\/index.php\/author\/juan-pablo\/"},"uagb_comment_info":0,"uagb_excerpt":"25 DE NOVIEMBRE LA DIARIA El gobierno anunci\u00f3 la apertura de las becas Buti\u00e1, dirigidas a estudiantes de educaci\u00f3n media, pero con novedades respecto de ediciones anteriores. Tal como se hab\u00eda planteado en la campa\u00f1a electoral y&nbsp;como el propio gobierno anunci\u00f3 al poco tiempo de entrar en funciones, se estableci\u00f3 un incremento en los montos&hellip;","_links":{"self":[{"href":"https:\/\/audec.edu.uy\/index.php\/wp-json\/wp\/v2\/posts\/7878","targetHints":{"allow":["GET"]}}],"collection":[{"href":"https:\/\/audec.edu.uy\/index.php\/wp-json\/wp\/v2\/posts"}],"about":[{"href":"https:\/\/audec.edu.uy\/index.php\/wp-json\/wp\/v2\/types\/post"}],"author":[{"embeddable":true,"href":"https:\/\/audec.edu.uy\/index.php\/wp-json\/wp\/v2\/users\/5"}],"replies":[{"embeddable":true,"href":"https:\/\/audec.edu.uy\/index.php\/wp-json\/wp\/v2\/comments?post=7878"}],"version-history":[{"count":1,"href":"https:\/\/audec.edu.uy\/index.php\/wp-json\/wp\/v2\/posts\/7878\/revisions"}],"predecessor-version":[{"id":7879,"href":"https:\/\/audec.edu.uy\/index.php\/wp-json\/wp\/v2\/posts\/7878\/revisions\/7879"}],"wp:attachment":[{"href":"https:\/\/audec.edu.uy\/index.php\/wp-json\/wp\/v2\/media?parent=7878"}],"wp:term":[{"taxonomy":"category","embeddable":true,"href":"https:\/\/audec.edu.uy\/index.php\/wp-json\/wp\/v2\/categories?post=7878"},{"taxonomy":"post_tag","embeddable":true,"href":"https:\/\/audec.edu.uy\/index.php\/wp-json\/wp\/v2\/tags?post=7878"}],"curies":[{"name":"wp","href":"https:\/\/api.w.org\/{rel}","templated":true}]}}