{"id":7873,"date":"2025-11-22T10:11:45","date_gmt":"2025-11-22T13:11:45","guid":{"rendered":"https:\/\/audec.edu.uy\/?p=7873"},"modified":"2025-11-22T10:11:54","modified_gmt":"2025-11-22T13:11:54","slug":"orsi-aumentar-de-14-000-a-70-000-las-becas-butia-es-un-compromiso-de-gobierno","status":"publish","type":"post","link":"https:\/\/audec.edu.uy\/index.php\/2025\/11\/22\/orsi-aumentar-de-14-000-a-70-000-las-becas-butia-es-un-compromiso-de-gobierno\/","title":{"rendered":"Orsi: aumentar de 14.000 a 70.000 las becas Buti\u00e1 \u201ces un compromiso de Gobierno\u201d"},"content":{"rendered":"\n<p>22 DE NOVIEMBRE<\/p>\n\n\n\n<p>LA REPUBLICA<\/p>\n\n\n\n<p><strong>Por&nbsp;Luciana Bigliante<\/strong><\/p>\n\n\n\n<p>El presidente Yamand\u00fa Orsi particip\u00f3 en Canelones del lanzamiento de las becas Buti\u00e1 2026 y destac\u00f3 que la expansi\u00f3n del programa (de 14.000 a 70.000 becas durante el quinquenio) forma parte de los compromisos asumidos por el Gobierno. Subray\u00f3 que, adem\u00e1s del apoyo econ\u00f3mico, el acompa\u00f1amiento educativo ser\u00e1 clave para asegurar la continuidad de los estudiantes.<\/p>\n\n\n\n<p><strong>M\u00e1s becas y m\u00e1s apoyo<\/strong><\/p>\n\n\n\n<p>Las becas Buti\u00e1 integran un plan nacional de apoyo a las trayectorias educativas y son impulsadas por el MEC, MIDES, ANEP, BPS, BROU, Ceibal e INJU.<\/p>\n\n\n\n<p>La ayuda econ\u00f3mica aumentar\u00e1 a 13.000 pesos anuales en Media B\u00e1sica y entre 17.000 y 25.000 pesos en Media Superior. Tambi\u00e9n se suma acompa\u00f1amiento t\u00e9cnico y un fuerte incremento en la cantidad de beneficiarios.<\/p>\n\n\n\n<p><strong>Requisitos y proceso<\/strong><\/p>\n\n\n\n<p>Pueden postular j\u00f3venes de 11 a 21 a\u00f1os que estudien en centros p\u00fablicos de secundaria, UTU, Uruguay Estudia o escuelas rurales con Ciclo B\u00e1sico.<br>La inscripci\u00f3n se realiza en la web de Becas Buti\u00e1 y los pagos est\u00e1n vinculados a metas educativas: inscripci\u00f3n, asistencia y avance escolar.<\/p>\n\n\n\n<p><strong>Pol\u00edtica educativa a largo plazo<\/strong><\/p>\n\n\n\n<p>El ministro Jos\u00e9 Carlos Mah\u00eda afirm\u00f3 que se trata de una pol\u00edtica de Estado orientada a fortalecer la educaci\u00f3n p\u00fablica, que concentra al 85% de los estudiantes del pa\u00eds.<\/p>\n\n\n\n<p>El director nacional de Educaci\u00f3n, Gabriel Quirici, destac\u00f3 que es un \u201caporte hist\u00f3rico\u201d porque incorpora equipos de apoyo acad\u00e9mico, emocional y social para los becarios.<\/p>\n\n\n\n<p>En el lanzamiento tambi\u00e9n participaron autoridades de ANEP, UTU, Ceibal e INJU.<\/p>\n","protected":false},"excerpt":{"rendered":"<p>22 DE NOVIEMBRE LA REPUBLICA Por&nbsp;Luciana Bigliante El presidente Yamand\u00fa Orsi particip\u00f3 en Canelones del lanzamiento de las becas Buti\u00e1 2026 y destac\u00f3 que la expansi\u00f3n del programa (de 14.000 a 70.000 becas durante el quinquenio) forma parte de los compromisos asumidos por el Gobierno. Subray\u00f3 que, adem\u00e1s del apoyo econ\u00f3mico, el acompa\u00f1amiento educativo ser\u00e1 &hellip; <a href=\"https:\/\/audec.edu.uy\/index.php\/2025\/11\/22\/orsi-aumentar-de-14-000-a-70-000-las-becas-butia-es-un-compromiso-de-gobierno\/\" class=\"more-link\">Continue reading<span class=\"screen-reader-text\"> \u00abOrsi: aumentar de 14.000 a 70.000 las becas Buti\u00e1 \u201ces un compromiso de Gobierno\u201d\u00bb<\/span><\/a><\/p>\n","protected":false},"author":5,"featured_media":0,"comment_status":"closed","ping_status":"closed","sticky":false,"template":"","format":"standard","meta":{"_uag_custom_page_level_css":"","footnotes":""},"categories":[3],"tags":[],"class_list":["post-7873","post","type-post","status-publish","format-standard","hentry","category-7dias"],"uagb_featured_image_src":{"full":false,"thumbnail":false,"medium":false,"medium_large":false,"large":false,"1536x1536":false,"2048x2048":false,"post-thumbnail":false},"uagb_author_info":{"display_name":"Juan Pablo","author_link":"https:\/\/audec.edu.uy\/index.php\/author\/juan-pablo\/"},"uagb_comment_info":0,"uagb_excerpt":"22 DE NOVIEMBRE LA REPUBLICA Por&nbsp;Luciana Bigliante El presidente Yamand\u00fa Orsi particip\u00f3 en Canelones del lanzamiento de las becas Buti\u00e1 2026 y destac\u00f3 que la expansi\u00f3n del programa (de 14.000 a 70.000 becas durante el quinquenio) forma parte de los compromisos asumidos por el Gobierno. Subray\u00f3 que, adem\u00e1s del apoyo econ\u00f3mico, el acompa\u00f1amiento educativo ser\u00e1&hellip;","_links":{"self":[{"href":"https:\/\/audec.edu.uy\/index.php\/wp-json\/wp\/v2\/posts\/7873","targetHints":{"allow":["GET"]}}],"collection":[{"href":"https:\/\/audec.edu.uy\/index.php\/wp-json\/wp\/v2\/posts"}],"about":[{"href":"https:\/\/audec.edu.uy\/index.php\/wp-json\/wp\/v2\/types\/post"}],"author":[{"embeddable":true,"href":"https:\/\/audec.edu.uy\/index.php\/wp-json\/wp\/v2\/users\/5"}],"replies":[{"embeddable":true,"href":"https:\/\/audec.edu.uy\/index.php\/wp-json\/wp\/v2\/comments?post=7873"}],"version-history":[{"count":1,"href":"https:\/\/audec.edu.uy\/index.php\/wp-json\/wp\/v2\/posts\/7873\/revisions"}],"predecessor-version":[{"id":7874,"href":"https:\/\/audec.edu.uy\/index.php\/wp-json\/wp\/v2\/posts\/7873\/revisions\/7874"}],"wp:attachment":[{"href":"https:\/\/audec.edu.uy\/index.php\/wp-json\/wp\/v2\/media?parent=7873"}],"wp:term":[{"taxonomy":"category","embeddable":true,"href":"https:\/\/audec.edu.uy\/index.php\/wp-json\/wp\/v2\/categories?post=7873"},{"taxonomy":"post_tag","embeddable":true,"href":"https:\/\/audec.edu.uy\/index.php\/wp-json\/wp\/v2\/tags?post=7873"}],"curies":[{"name":"wp","href":"https:\/\/api.w.org\/{rel}","templated":true}]}}