{"id":7869,"date":"2025-11-22T10:10:48","date_gmt":"2025-11-22T13:10:48","guid":{"rendered":"https:\/\/audec.edu.uy\/?p=7869"},"modified":"2025-11-22T10:12:07","modified_gmt":"2025-11-22T13:12:07","slug":"integrante-del-secretariado-de-ademu-montevideo-y-de-la-fum-tep-fue-desvinculada-de-lista-100-y-seguira-en-sus-cargos-de-forma-independiente","status":"publish","type":"post","link":"https:\/\/audec.edu.uy\/index.php\/2025\/11\/22\/integrante-del-secretariado-de-ademu-montevideo-y-de-la-fum-tep-fue-desvinculada-de-lista-100-y-seguira-en-sus-cargos-de-forma-independiente\/","title":{"rendered":"Integrante del secretariado de Ademu Montevideo y de la FUM-TEP fue desvinculada de lista 100 y seguir\u00e1 en sus cargos de forma independiente"},"content":{"rendered":"\n<p>22 DE NOVIEMBRE<\/p>\n\n\n\n<p>LA DIARIA<\/p>\n\n\n\n<p><strong>Por Facundo Franco<\/strong><\/p>\n\n\n\n<p>El conflicto que mantuvo semanas atr\u00e1s la filial montevideana de la Asociaci\u00f3n de Maestros del Uruguay (Ademu)&nbsp;en reclamo de medidas contra la violencia en las escuelas&nbsp;tuvo distintas repercusiones en el plano pol\u00edtico y gremial. En el caso de la lista 100 de la Federaci\u00f3n Uruguaya de Magisterio-Trabajadores de la Ense\u00f1anza Primaria (FUM-TEP), la segunda corriente m\u00e1s importante del sindicato a nivel nacional, fue el \u00faltimo episodio de un proceso que termin\u00f3 con la desvinculaci\u00f3n de una de sus dirigentes m\u00e1s importantes.<\/p>\n\n\n\n<p>Se trata de Alejandra Ostria, quien encabez\u00f3 la lista 100 en Montevideo luego de que Daysi Iglesias, hist\u00f3rica referente de la agrupaci\u00f3n, asumiera como consejera docente en la Administraci\u00f3n Nacional de Educaci\u00f3n P\u00fablica (ANEP). Ostria actualmente es suplente en la Mesa Representativa del PIT-CNT por la FUM-TEP y, seg\u00fan supo&nbsp;la diaria, fue la principal responsable de la integraci\u00f3n de la lista 100 a la corriente En Lucha del PIT-CNT, liderada por el dirigente Joselo L\u00f3pez. Adem\u00e1s, pol\u00edticamente tambi\u00e9n articul\u00f3 para que el colectivo sindical presentara una lista a la Asamblea T\u00e9cnico Docente (ATD) nacional de Primaria por la que lograron integrar la Mesa Permanente del organismo.<\/p>\n\n\n\n<p>De acuerdo con una carta redactada por Ostria la semana pasada, a la que accedi\u00f3&nbsp;la diaria, la actual integrante del secretariado de Ademu Montevideo y de la FUM-TEP plante\u00f3 que la decisi\u00f3n le fue comunicada el 12 de noviembre en una reuni\u00f3n a la que fue convocada. Seg\u00fan agrega, los argumentos que le transmitieron fueron que no compart\u00eda informaci\u00f3n con sus compa\u00f1eros de lista y una supuesta cercan\u00eda con la lista 27-Praxis, mayoritaria en la conducci\u00f3n nacional de la FUM-TEP y de la corriente Articulaci\u00f3n de la central sindical. Seg\u00fan completa Ostria, en la reuni\u00f3n en la que le comunicaron la decisi\u00f3n participaron 13 integrantes de la lista, cinco de ellos del mismo departamento, en alusi\u00f3n a Rivera.<\/p>\n\n\n\n<p>La carta rechaza los argumentos presentados por la lista, ya que Ostria afirma que siempre comparti\u00f3 la informaci\u00f3n a la que accedi\u00f3 y habitualmente respond\u00eda de forma inmediata ante cualquier consulta que se le realizaba en distintos grupos de los que formaba parte. En particular, apunt\u00f3 contra Marcos Correa, dirigente de la filial de Rivera que encabez\u00f3 la \u00faltima lista nacional del colectivo, que tuvo a Ostria en el segundo lugar.<\/p>\n\n\n\n<p>Seg\u00fan la maestra, las diferencias con Correa comenzaron tiempo atr\u00e1s, cuando Ostria no estuvo de acuerdo con una campa\u00f1a que surgi\u00f3 en las filiales de la lista del norte del pa\u00eds y que fue llevada a discusi\u00f3n a nivel nacional, con el objetivo de que las vacaciones de julio vuelvan a ser de dos semanas.<\/p>\n\n\n\n<p>\u201cQuiero expresar que en mi opini\u00f3n esa campa\u00f1a, muy comprensible en el sentir del magisterio, estaba lamentablemente condenada al fracaso. En el entendido de que los dirigentes sindicales estamos para conducir y acompa\u00f1ar luchas que puedan sacar quiz\u00e1s no la totalidad de nuestra plataforma pero obtener alg\u00fan logro, no era este el caso y lo \u00fanico que iba a lograr entre nuestros afiliados era frustraci\u00f3n y descontento, que redunda tambi\u00e9n en la falta de credibilidad en la herramienta sindical\u201d, plantea Ostria al respecto. De todas formas, afirma que si bien cuestion\u00f3 a Correa por esta iniciativa, siempre la defendi\u00f3 p\u00fablicamente, incluso en el secretariado de Ademu Montevideo, en la FUM-TEP y en el Secretariado Ejecutivo del PIT-CNT.<\/p>\n\n\n\n<p>Seg\u00fan la docente, a partir de ese momento \u201ccomenzaron una serie de rispideces y diferencias\u201d que siguieron durante la discusi\u00f3n presupuestal. Desde la lista 100 se ha cuestionado que dentro del presupuesto educativo se incluyan recursos como los que la Administraci\u00f3n Nacional de Educaci\u00f3n P\u00fablica (ANEP) recibir\u00e1 para pagar bonos de apoyo escolar a las familias. Sobre este tema, Ostria argumenta que \u201cen este presupuesto se agregan la alimentaci\u00f3n para ense\u00f1anza media y las becas, que tambi\u00e9n son un gasto importante y que forman parte del tejido de pol\u00edticas p\u00fablicas que hacen posible que nuestras infancias puedan educarse\u201d, ya que \u201ccon hambre no se aprende\u201d.<\/p>\n\n\n\n<p>Tambi\u00e9n hubo diferencias en relaci\u00f3n con la campa\u00f1a impulsada por la lista y por su anterior referente, Daysi Iglesias, ahora desde su cargo de representaci\u00f3n docente en la ANEP, para contar con m\u00e1s maestros de apoyo para atender la inclusi\u00f3n educativa. En particular, Ostria cuestion\u00f3 que dichos art\u00edculos salieran con los votos de los partidos de la oposici\u00f3n y considera que no habr\u00e1 financiamiento para eso en el Senado.<\/p>\n\n\n\n<p>Seg\u00fan Ostria, el \u201cdetonante final\u201d para su desafiliaci\u00f3n ocurri\u00f3 durante el \u00faltimo conflicto a ra\u00edz de casos de violencia en las escuelas, ya que Correa la acus\u00f3 de ocultar informaci\u00f3n. La maestra, que particip\u00f3 en distintas reuniones, entre otras&nbsp;con el presidente de la Rep\u00fablica, Yamand\u00fa Orsi, argument\u00f3 que se trat\u00f3 de un conflicto de una filial distinta de la de Correa. Adem\u00e1s, marc\u00f3 que, despu\u00e9s de haber realizado 48 horas de paro, vot\u00f3 en contra de extenderlo durante un d\u00eda m\u00e1s, principalmente, por el efecto en los ingresos de quienes acaten el paro, teniendo en cuenta que en lo que va del a\u00f1o se acumulan nueve d\u00edas de paro que deben ser descontados antes de fin de a\u00f1o. Al respecto, aclara que esta l\u00ednea ha sido \u201chist\u00f3rica\u201d en la lista 100, que Ostria integraba desde hac\u00eda diez a\u00f1os.<\/p>\n\n\n\n<p>Ante este escenario y considerando que no fue ella quien se apart\u00f3 de las concepciones sindicales de la lista, Ostria decidi\u00f3 continuar de forma independiente en el secretariado de Ademu Montevideo, en el de la FUM-TEP y en la Mesa Representativa de la central sindical. \u201cTengo 35 a\u00f1os de afilada a mi sindicato y no voy a dejar de militar en \u00e9l, habiendo adem\u00e1s trabajado mucho para el logro de estos lugares\u201d, argumenta. Adem\u00e1s, se\u00f1ala que en los diez a\u00f1os de pertenencia a la lista 100 trabaj\u00f3 fuertemente por \u201cla vinculaci\u00f3n con otros actores sociales y pol\u00edticos y su inserci\u00f3n en el PIT CNT\u201d.<\/p>\n\n\n\n<p><strong>Lista 100 analizar\u00e1 los pasos a seguir por permanencia de Ostria en cargos y lo visualizan como un tema \u00e9tico<\/strong><\/p>\n\n\n\n<p>Consultado por&nbsp;la diaria, Marcos Correa se\u00f1al\u00f3 que la lista 100 representa a 3.100 maestros y es la segunda corriente sindical m\u00e1s grande de la FUM-TEP. Seg\u00fan marc\u00f3, en este momento est\u00e1n ocupados por varios temas \u201cm\u00e1s relevantes\u201d que la desvinculaci\u00f3n de Ostria, como la violencia en la escuela p\u00fablica, el presupuesto y la campa\u00f1a por recuperar la segunda semana de vacaciones de julio, ya que pr\u00f3ximamente la ANEP definir\u00e1 el calendario escolar de 2026.<\/p>\n\n\n\n<p>En concreto sobre la desafiliaci\u00f3n de la cabeza de lista en Montevideo, dijo que la excompa\u00f1era no se comunicaba con los dem\u00e1s integrantes de la lista para informar y \u201ccoordinar para llegar a determinados acuerdos\u201d. Adem\u00e1s, mencion\u00f3 que \u201chac\u00eda acuerdos\u201d con la FUM-TEP y el PIT-CNT sin el aval de la lista, que a nivel nacional fue encabezada por Correa. Por eso, sostuvo que \u201cno corresponde que hable\u201d en nombre del colectivo, que, si bien cuenta con integrantes de distintas l\u00edneas de pensamiento, en todos los casos adhieren a los postulados que se promueven.<\/p>\n\n\n\n<p>Respecto de los puntos con los que Ostria no estuvo de acuerdo, el integrante de Ademu Rivera argument\u00f3 que incorporar los recursos de acciones que no son educativas al presupuesto de la ANEP \u201cinfla\u201d el presupuesto del ente. Como ejemplo mencion\u00f3 el caso del bono de apoyo a las familias de escolares, sobre el que no hay certeza de que se vaya a gastar en \u00fatiles, como anuncia el gobierno.<\/p>\n\n\n\n<p>En relaci\u00f3n con la campa\u00f1a para contar con dos semanas de vacaciones de julio, Correa indic\u00f3 que la lista 100 promueve esa iniciativa desde hace a\u00f1os y que, a su vez, fue respaldada por 16.000 maestros en instancias de ATD escolar, con muy pocas abstenciones y rechazos, lo que muestra que tiene gran respaldo del magisterio nacional. Adem\u00e1s, dijo que en el norte del pa\u00eds la idea tambi\u00e9n es apoyada por familias que le han hecho llegar su respaldo. Seg\u00fan fundament\u00f3, \u201ccantidad no es calidad\u201d y \u201chay que dar los tiempos\u201d a maestros y ni\u00f1os.<\/p>\n\n\n\n<p>Si bien asegur\u00f3 que mantienen \u201crespeto y cari\u00f1o por la compa\u00f1era\u201d, por todo lo anterior entendieron adecuado desvincularla. En relaci\u00f3n con la decisi\u00f3n de Ostria de mantenerse en los cargos a los que accedi\u00f3 a trav\u00e9s de la lista 100, dijo que el colectivo analizar\u00e1 pasos a seguir y valor\u00f3 que, \u201cadem\u00e1s de pol\u00edtico y formal, es un tema \u00e9tico\u201d. \u201cCada cual sabe c\u00f3mo actuar en los cargos en los que est\u00e1\u201d, a\u00f1adi\u00f3, y asegur\u00f3 que \u201csi existen esos cargos fue por el trabajo de muchos compa\u00f1eros\u201d.<\/p>\n\n\n\n<p>El a\u00f1o que viene hay elecciones de autoridades de la FUM-TEP y a nivel sindical se especula con su integraci\u00f3n a otra lista o la generaci\u00f3n de una lista propia, algo que la propia Ostria analiza.<\/p>\n","protected":false},"excerpt":{"rendered":"<p>22 DE NOVIEMBRE LA DIARIA Por Facundo Franco El conflicto que mantuvo semanas atr\u00e1s la filial montevideana de la Asociaci\u00f3n de Maestros del Uruguay (Ademu)&nbsp;en reclamo de medidas contra la violencia en las escuelas&nbsp;tuvo distintas repercusiones en el plano pol\u00edtico y gremial. En el caso de la lista 100 de la Federaci\u00f3n Uruguaya de Magisterio-Trabajadores &hellip; <a href=\"https:\/\/audec.edu.uy\/index.php\/2025\/11\/22\/integrante-del-secretariado-de-ademu-montevideo-y-de-la-fum-tep-fue-desvinculada-de-lista-100-y-seguira-en-sus-cargos-de-forma-independiente\/\" class=\"more-link\">Continue reading<span class=\"screen-reader-text\"> \u00abIntegrante del secretariado de Ademu Montevideo y de la FUM-TEP fue desvinculada de lista 100 y seguir\u00e1 en sus cargos de forma independiente\u00bb<\/span><\/a><\/p>\n","protected":false},"author":5,"featured_media":0,"comment_status":"closed","ping_status":"closed","sticky":false,"template":"","format":"standard","meta":{"_uag_custom_page_level_css":"","footnotes":""},"categories":[3],"tags":[],"class_list":["post-7869","post","type-post","status-publish","format-standard","hentry","category-7dias"],"uagb_featured_image_src":{"full":false,"thumbnail":false,"medium":false,"medium_large":false,"large":false,"1536x1536":false,"2048x2048":false,"post-thumbnail":false},"uagb_author_info":{"display_name":"Juan Pablo","author_link":"https:\/\/audec.edu.uy\/index.php\/author\/juan-pablo\/"},"uagb_comment_info":0,"uagb_excerpt":"22 DE NOVIEMBRE LA DIARIA Por Facundo Franco El conflicto que mantuvo semanas atr\u00e1s la filial montevideana de la Asociaci\u00f3n de Maestros del Uruguay (Ademu)&nbsp;en reclamo de medidas contra la violencia en las escuelas&nbsp;tuvo distintas repercusiones en el plano pol\u00edtico y gremial. En el caso de la lista 100 de la Federaci\u00f3n Uruguaya de Magisterio-Trabajadores&hellip;","_links":{"self":[{"href":"https:\/\/audec.edu.uy\/index.php\/wp-json\/wp\/v2\/posts\/7869","targetHints":{"allow":["GET"]}}],"collection":[{"href":"https:\/\/audec.edu.uy\/index.php\/wp-json\/wp\/v2\/posts"}],"about":[{"href":"https:\/\/audec.edu.uy\/index.php\/wp-json\/wp\/v2\/types\/post"}],"author":[{"embeddable":true,"href":"https:\/\/audec.edu.uy\/index.php\/wp-json\/wp\/v2\/users\/5"}],"replies":[{"embeddable":true,"href":"https:\/\/audec.edu.uy\/index.php\/wp-json\/wp\/v2\/comments?post=7869"}],"version-history":[{"count":1,"href":"https:\/\/audec.edu.uy\/index.php\/wp-json\/wp\/v2\/posts\/7869\/revisions"}],"predecessor-version":[{"id":7870,"href":"https:\/\/audec.edu.uy\/index.php\/wp-json\/wp\/v2\/posts\/7869\/revisions\/7870"}],"wp:attachment":[{"href":"https:\/\/audec.edu.uy\/index.php\/wp-json\/wp\/v2\/media?parent=7869"}],"wp:term":[{"taxonomy":"category","embeddable":true,"href":"https:\/\/audec.edu.uy\/index.php\/wp-json\/wp\/v2\/categories?post=7869"},{"taxonomy":"post_tag","embeddable":true,"href":"https:\/\/audec.edu.uy\/index.php\/wp-json\/wp\/v2\/tags?post=7869"}],"curies":[{"name":"wp","href":"https:\/\/api.w.org\/{rel}","templated":true}]}}