{"id":7863,"date":"2025-11-22T10:09:01","date_gmt":"2025-11-22T13:09:01","guid":{"rendered":"https:\/\/audec.edu.uy\/?p=7863"},"modified":"2025-11-22T10:12:23","modified_gmt":"2025-11-22T13:12:23","slug":"brutal-agresion-en-una-escuela-de-paysandu-adolescentes-golpearon-a-una-nina-que-quedo-internada","status":"publish","type":"post","link":"https:\/\/audec.edu.uy\/index.php\/2025\/11\/22\/brutal-agresion-en-una-escuela-de-paysandu-adolescentes-golpearon-a-una-nina-que-quedo-internada\/","title":{"rendered":"Brutal agresi\u00f3n en una escuela de Paysand\u00fa: adolescentes golpearon a una ni\u00f1a que qued\u00f3 internada"},"content":{"rendered":"\n<p>22 DE NOVIEMBRE<\/p>\n\n\n\n<p>EL PAIS<\/p>\n\n\n\n<p>Una brutal golpiza ocurri\u00f3 en una&nbsp;escuela de&nbsp;Paysand\u00fa&nbsp;a la que ingresaron adolescentes ajenas al centro educativo para&nbsp;golpear a una alumna. La ni\u00f1a sufri\u00f3&nbsp;lesiones que ameritaron su internaci\u00f3n, y por este caso intervino la&nbsp;Polic\u00eda.<\/p>\n\n\n\n<p>La informaci\u00f3n que divulg\u00f3 la Polic\u00eda indica que el incidente ocurri\u00f3 el mi\u00e9rcoles. Efectivos concurrieron a la&nbsp;escuela N\u00b0 98&nbsp;tras ser alertados por los responsables del centro educativo \u00absobre un incidente protagonizado por un grupo de adolescentes ajenas a la instituci\u00f3n\u00bb que agredieron a una alumna.<\/p>\n\n\n\n<p>\u00abLa menor fue valorada por personal m\u00e9dico y se adoptaron las medidas correspondientes para su protecci\u00f3n y traslado al centro asistencial\u00bb, dice el parte.<\/p>\n\n\n\n<p>Por otro lado, \u00aben coordinaci\u00f3n con las autoridades del centro se realizaron las actuaciones pertinentes con las adolescentes involucradas a efectos de esclarecer lo sucedido\u00bb.<\/p>\n\n\n\n<p>La&nbsp;Fiscal\u00eda&nbsp;de tercer turno de Paysand\u00fa investigar\u00e1 el caso. Mientras tanto, la&nbsp;Polic\u00eda Comunitaria Orientada a Problemas&nbsp;del departamento est\u00e1 \u00abrealizando un abordaje integral\u00bb en la escuela \u00abcon el fin de prevenir nuevos incidentes y acompa\u00f1ar a las familias involucradas\u00bb.<\/p>\n\n\n\n<p><strong>Madre de la ni\u00f1a denuncia que la amenazaron el d\u00eda anterior por involucrarse en una pelea<\/strong><\/p>\n\n\n\n<p>La&nbsp;madre de la ni\u00f1a,&nbsp;Tatiana Maristan, habl\u00f3 con los medios en las \u00faltimas horas y plante\u00f3 que el antecedente de esta agresi\u00f3n habr\u00eda sido el d\u00eda anterior.<\/p>\n\n\n\n<p>Indic\u00f3 que su hija vio una golpiza que dos ni\u00f1as de la escuela le estaban propinando a una compa\u00f1era, y entonces intervino. Como consecuencia, las ni\u00f1as le afirmaron que al d\u00eda siguiente&nbsp;vendr\u00edan sus primas a agredirla como represalia.<\/p>\n\n\n\n<p>\u00abElla defendi\u00f3 a esta ni\u00f1a que entre dos le estaban pegando\u00bb, coment\u00f3, seg\u00fan consign\u00f3&nbsp;Telemundo&nbsp;(Teledoce), y a\u00f1adi\u00f3 que \u00ablas otras dos le dijeron que por meterse\u00bb&nbsp;llamar\u00edan a sus primas, que eran ajenas al centro educativo.<\/p>\n\n\n\n<p>Con respecto a la agresi\u00f3n, la madre dijo que ella misma concurri\u00f3 a la escuela cuando la llamaron. \u00abEstaba golpeada, con hielo en la cabeza. Estaba ya la Polic\u00eda pero no la ambulancia. Al llegar la ambulancia empiezan a atenderla y ah\u00ed fue cuando&nbsp;la enfermera se enoj\u00f3 porque estaba politraumatizada&nbsp;y le hab\u00edan dicho que solo hab\u00eda sido una pele\u00edta de unas ni\u00f1as\u00bb.<\/p>\n\n\n\n<p>Ya en el sanatorio, \u00abcuando le empezaron a palpar el dolor que ten\u00eda\u00bb en un costado de la zona media del cuerpo \u00able encontraron ese dolor\u00bb y decidieron internarla.<\/p>\n\n\n\n<p>Seg\u00fan la madre, con \u00abuna patada o rodillazo\u00bb las agresoras le \u00abda\u00f1aron el bazo, est\u00e1 lastimado pero no perforado\u00bb.<\/p>\n\n\n\n<p>\u00abPor eso la tienen en&nbsp;absoluto reposo&nbsp;y con una dieta l\u00edquida porque cualquier movimiento que provoque que el bazo se toque o se inflame puede largar sangre\u00bb, a\u00f1adi\u00f3. <a href=\"http:\/\/www.elpais.com.uy\">www.elpais.com.uy<\/a><\/p>\n","protected":false},"excerpt":{"rendered":"<p>22 DE NOVIEMBRE EL PAIS Una brutal golpiza ocurri\u00f3 en una&nbsp;escuela de&nbsp;Paysand\u00fa&nbsp;a la que ingresaron adolescentes ajenas al centro educativo para&nbsp;golpear a una alumna. La ni\u00f1a sufri\u00f3&nbsp;lesiones que ameritaron su internaci\u00f3n, y por este caso intervino la&nbsp;Polic\u00eda. La informaci\u00f3n que divulg\u00f3 la Polic\u00eda indica que el incidente ocurri\u00f3 el mi\u00e9rcoles. Efectivos concurrieron a la&nbsp;escuela N\u00b0 &hellip; <a href=\"https:\/\/audec.edu.uy\/index.php\/2025\/11\/22\/brutal-agresion-en-una-escuela-de-paysandu-adolescentes-golpearon-a-una-nina-que-quedo-internada\/\" class=\"more-link\">Continue reading<span class=\"screen-reader-text\"> \u00abBrutal agresi\u00f3n en una escuela de Paysand\u00fa: adolescentes golpearon a una ni\u00f1a que qued\u00f3 internada\u00bb<\/span><\/a><\/p>\n","protected":false},"author":5,"featured_media":0,"comment_status":"closed","ping_status":"closed","sticky":false,"template":"","format":"standard","meta":{"_uag_custom_page_level_css":"","footnotes":""},"categories":[3],"tags":[],"class_list":["post-7863","post","type-post","status-publish","format-standard","hentry","category-7dias"],"uagb_featured_image_src":{"full":false,"thumbnail":false,"medium":false,"medium_large":false,"large":false,"1536x1536":false,"2048x2048":false,"post-thumbnail":false},"uagb_author_info":{"display_name":"Juan Pablo","author_link":"https:\/\/audec.edu.uy\/index.php\/author\/juan-pablo\/"},"uagb_comment_info":0,"uagb_excerpt":"22 DE NOVIEMBRE EL PAIS Una brutal golpiza ocurri\u00f3 en una&nbsp;escuela de&nbsp;Paysand\u00fa&nbsp;a la que ingresaron adolescentes ajenas al centro educativo para&nbsp;golpear a una alumna. La ni\u00f1a sufri\u00f3&nbsp;lesiones que ameritaron su internaci\u00f3n, y por este caso intervino la&nbsp;Polic\u00eda. La informaci\u00f3n que divulg\u00f3 la Polic\u00eda indica que el incidente ocurri\u00f3 el mi\u00e9rcoles. Efectivos concurrieron a la&nbsp;escuela N\u00b0&hellip;","_links":{"self":[{"href":"https:\/\/audec.edu.uy\/index.php\/wp-json\/wp\/v2\/posts\/7863","targetHints":{"allow":["GET"]}}],"collection":[{"href":"https:\/\/audec.edu.uy\/index.php\/wp-json\/wp\/v2\/posts"}],"about":[{"href":"https:\/\/audec.edu.uy\/index.php\/wp-json\/wp\/v2\/types\/post"}],"author":[{"embeddable":true,"href":"https:\/\/audec.edu.uy\/index.php\/wp-json\/wp\/v2\/users\/5"}],"replies":[{"embeddable":true,"href":"https:\/\/audec.edu.uy\/index.php\/wp-json\/wp\/v2\/comments?post=7863"}],"version-history":[{"count":1,"href":"https:\/\/audec.edu.uy\/index.php\/wp-json\/wp\/v2\/posts\/7863\/revisions"}],"predecessor-version":[{"id":7864,"href":"https:\/\/audec.edu.uy\/index.php\/wp-json\/wp\/v2\/posts\/7863\/revisions\/7864"}],"wp:attachment":[{"href":"https:\/\/audec.edu.uy\/index.php\/wp-json\/wp\/v2\/media?parent=7863"}],"wp:term":[{"taxonomy":"category","embeddable":true,"href":"https:\/\/audec.edu.uy\/index.php\/wp-json\/wp\/v2\/categories?post=7863"},{"taxonomy":"post_tag","embeddable":true,"href":"https:\/\/audec.edu.uy\/index.php\/wp-json\/wp\/v2\/tags?post=7863"}],"curies":[{"name":"wp","href":"https:\/\/api.w.org\/{rel}","templated":true}]}}