{"id":6590,"date":"2025-07-31T16:03:39","date_gmt":"2025-07-31T19:03:39","guid":{"rendered":"https:\/\/audec.edu.uy\/?p=6590"},"modified":"2025-07-31T16:03:40","modified_gmt":"2025-07-31T19:03:40","slug":"nueva-alianza-de-cooperacion","status":"publish","type":"post","link":"https:\/\/audec.edu.uy\/index.php\/2025\/07\/31\/nueva-alianza-de-cooperacion\/","title":{"rendered":"Nueva alianza de cooperaci\u00f3n"},"content":{"rendered":"\n<p>Con gran alegr\u00eda anunciamos la firma de una nueva alian<strong>za de cooperaci\u00f3n.<\/strong> En esta oportunidad con el\u00a0<strong>Centro Universitario UNO<\/strong>, reafirmando nuestro compromiso con la formaci\u00f3n y el crecimiento profesional de nuestros asociados.<\/p>\n\n\n\n<p>A trav\u00e9s de este convenio todos los miembros de AUDEC obtendr\u00e1n:<br> <\/p>\n\n\n\n<ul class=\"wp-block-list\">\n<li>Un descuento del\u00a0<strong>10%<\/strong>\u00a0sobre el precio oficial de todos los programas acad\u00e9micos ofrecidos por Centro UNO.<\/li>\n<\/ul>\n\n\n\n<ul class=\"wp-block-list\">\n<li>Un descuento del<strong>\u00a025%<\/strong>\u00a0sobre el valor de la matr\u00edcula de inscripci\u00f3n en dichas formaciones.<\/li>\n<\/ul>\n\n\n\n<ul class=\"wp-block-list\">\n<li><strong>Condiciones preferenciales<\/strong>\u00a0en los servicios de atenci\u00f3n cl\u00ednica y acompa\u00f1amiento institucional.<\/li>\n<\/ul>\n\n\n\n<p>Consultas para acceder al convenio: secretaria@audec.edu.uy<\/p>\n","protected":false},"excerpt":{"rendered":"<p>Con gran alegr\u00eda anunciamos la firma de una nueva alianza de cooperaci\u00f3n. En esta oportunidad con el\u00a0Centro Universitario UNO, reafirmando nuestro compromiso con la formaci\u00f3n y el crecimiento profesional de nuestros asociados. A trav\u00e9s de este convenio todos los miembros de AUDEC obtendr\u00e1n: Consultas para acceder al convenio: secretaria@audec.edu.uy<\/p>\n","protected":false},"author":4,"featured_media":6591,"comment_status":"closed","ping_status":"closed","sticky":false,"template":"","format":"standard","meta":{"_uag_custom_page_level_css":"","footnotes":""},"categories":[2],"tags":[],"class_list":["post-6590","post","type-post","status-publish","format-standard","has-post-thumbnail","hentry","category-noticias"],"uagb_featured_image_src":{"full":["https:\/\/audec.edu.uy\/wp-content\/uploads\/2025\/07\/convenio.jpg",1024,576,false],"thumbnail":["https:\/\/audec.edu.uy\/wp-content\/uploads\/2025\/07\/convenio-150x150.jpg",150,150,true],"medium":["https:\/\/audec.edu.uy\/wp-content\/uploads\/2025\/07\/convenio-300x169.jpg",300,169,true],"medium_large":["https:\/\/audec.edu.uy\/wp-content\/uploads\/2025\/07\/convenio-768x432.jpg",768,432,true],"large":["https:\/\/audec.edu.uy\/wp-content\/uploads\/2025\/07\/convenio.jpg",1024,576,false],"1536x1536":["https:\/\/audec.edu.uy\/wp-content\/uploads\/2025\/07\/convenio.jpg",1024,576,false],"2048x2048":["https:\/\/audec.edu.uy\/wp-content\/uploads\/2025\/07\/convenio.jpg",1024,576,false],"post-thumbnail":["https:\/\/audec.edu.uy\/wp-content\/uploads\/2025\/07\/convenio.jpg",1024,576,false]},"uagb_author_info":{"display_name":"Andrea","author_link":"https:\/\/audec.edu.uy\/index.php\/author\/andrea\/"},"uagb_comment_info":0,"uagb_excerpt":"Con gran alegr\u00eda anunciamos la firma de una nueva alianza de cooperaci\u00f3n. En esta oportunidad con el\u00a0Centro Universitario UNO, reafirmando nuestro compromiso con la formaci\u00f3n y el crecimiento profesional de nuestros asociados. A trav\u00e9s de este convenio todos los miembros de AUDEC obtendr\u00e1n: Consultas para acceder al convenio: secretaria@audec.edu.uy","_links":{"self":[{"href":"https:\/\/audec.edu.uy\/index.php\/wp-json\/wp\/v2\/posts\/6590","targetHints":{"allow":["GET"]}}],"collection":[{"href":"https:\/\/audec.edu.uy\/index.php\/wp-json\/wp\/v2\/posts"}],"about":[{"href":"https:\/\/audec.edu.uy\/index.php\/wp-json\/wp\/v2\/types\/post"}],"author":[{"embeddable":true,"href":"https:\/\/audec.edu.uy\/index.php\/wp-json\/wp\/v2\/users\/4"}],"replies":[{"embeddable":true,"href":"https:\/\/audec.edu.uy\/index.php\/wp-json\/wp\/v2\/comments?post=6590"}],"version-history":[{"count":1,"href":"https:\/\/audec.edu.uy\/index.php\/wp-json\/wp\/v2\/posts\/6590\/revisions"}],"predecessor-version":[{"id":6592,"href":"https:\/\/audec.edu.uy\/index.php\/wp-json\/wp\/v2\/posts\/6590\/revisions\/6592"}],"wp:featuredmedia":[{"embeddable":true,"href":"https:\/\/audec.edu.uy\/index.php\/wp-json\/wp\/v2\/media\/6591"}],"wp:attachment":[{"href":"https:\/\/audec.edu.uy\/index.php\/wp-json\/wp\/v2\/media?parent=6590"}],"wp:term":[{"taxonomy":"category","embeddable":true,"href":"https:\/\/audec.edu.uy\/index.php\/wp-json\/wp\/v2\/categories?post=6590"},{"taxonomy":"post_tag","embeddable":true,"href":"https:\/\/audec.edu.uy\/index.php\/wp-json\/wp\/v2\/tags?post=6590"}],"curies":[{"name":"wp","href":"https:\/\/api.w.org\/{rel}","templated":true}]}}