{"id":5823,"date":"2025-04-21T18:12:19","date_gmt":"2025-04-21T21:12:19","guid":{"rendered":"https:\/\/audec.edu.uy\/?p=5823"},"modified":"2025-04-21T18:12:19","modified_gmt":"2025-04-21T21:12:19","slug":"unidos-en-oracion-por-el-papa-francisco","status":"publish","type":"post","link":"https:\/\/audec.edu.uy\/index.php\/2025\/04\/21\/unidos-en-oracion-por-el-papa-francisco\/","title":{"rendered":"Unidos en oraci\u00f3n por el Papa Francisco"},"content":{"rendered":"\n<p>Este 21 de abril de 2025 hemos recibido con profundo dolor la noticia del fallecimiento del Papa Francisco.<\/p>\n\n\n\n<p>Todos los miembros de la Iglesia Cat\u00f3lica atravesamos un tiempo de duelo; los invitamos a vivirlo desde la memoria agradecida por el ejemplo de entrega infinita que \u00e9l nos regal\u00f3.<\/p>\n\n\n\n<p>Desde la Asociaci\u00f3n Uruguaya de Educaci\u00f3n Cat\u00f3lica convocamos especialmente a unirnos en la oraci\u00f3n y a participar de las celebraciones eucar\u00edsticas que se realicen en cada Di\u00f3cesis. Alentamos a que los centros puedan facilitar la participaci\u00f3n de los estudiantes en estas misas, para despedir al Santo Padre en comuni\u00f3n con toda la Iglesia.<\/p>\n\n\n\n<p>Tambi\u00e9n invitamos a cada comunidad a generar y compartir espacios de oraci\u00f3n, y a difundirlos a trav\u00e9s de las diversas plataformas de comunicaci\u00f3n como signo de presencia y acompa\u00f1amiento mutuo.<\/p>\n\n\n\n<p>Entendemos la diversidad de contextos, y por eso confiamos en que cada comunidad, haciendo uso de su autonom\u00eda, podr\u00e1 tomar la decisi\u00f3n que considere m\u00e1s adecuada respecto al desarrollo habitual, o no, de las clases durante el d\u00eda martes 22 o mi\u00e9rcoles 23.&nbsp;<\/p>\n\n\n\n<p>Tenemos la certeza de que todos nuestros asociados, desde su identidad, vivencian este momento con el mismo respeto, y con la esperanza puesta en el Evangelio.&nbsp;<\/p>\n\n\n\n<p>A trav\u00e9s de este comunicado dirigimos tambi\u00e9n una palabra fraterna y cercana a las comunidades de las obras Jesuitas del Uruguay, sabiendo del v\u00ednculo profundo que los une con el Papa Francisco, el primer pont\u00edfice de la Compa\u00f1\u00eda de Jes\u00fas.&nbsp;<\/p>\n\n\n\n<p>Como Educaci\u00f3n Cat\u00f3lica damos gracias por la vida de Francisco y por su constante mensaje de esperanza y fe en la vocaci\u00f3n educativa. Rogamos a Dios por su descanso eterno.<\/p>\n\n\n\n<p><strong>Direcci\u00f3n Nacional de AUDEC<\/strong> &#8211; <strong>Montevideo, 21 de abril de 2025<\/strong>.<\/p>\n\n\n\n<p><\/p>\n\n\n\n<p><\/p>\n","protected":false},"excerpt":{"rendered":"<p>Este 21 de abril de 2025 hemos recibido con profundo dolor la noticia del fallecimiento del Papa Francisco. Todos los miembros de la Iglesia Cat\u00f3lica atravesamos un tiempo de duelo; los invitamos a vivirlo desde la memoria agradecida por el ejemplo de entrega infinita que \u00e9l nos regal\u00f3. Desde la Asociaci\u00f3n Uruguaya de Educaci\u00f3n Cat\u00f3lica &hellip; <a href=\"https:\/\/audec.edu.uy\/index.php\/2025\/04\/21\/unidos-en-oracion-por-el-papa-francisco\/\" class=\"more-link\">Continue reading<span class=\"screen-reader-text\"> \u00abUnidos en oraci\u00f3n por el Papa Francisco\u00bb<\/span><\/a><\/p>\n","protected":false},"author":4,"featured_media":5824,"comment_status":"closed","ping_status":"closed","sticky":false,"template":"","format":"standard","meta":{"_uag_custom_page_level_css":"","footnotes":""},"categories":[2],"tags":[],"class_list":["post-5823","post","type-post","status-publish","format-standard","has-post-thumbnail","hentry","category-noticias"],"uagb_featured_image_src":{"full":["https:\/\/audec.edu.uy\/wp-content\/uploads\/2025\/04\/La-educacion-es-siempre-un-acto-de-esperanza.jpg",1920,1080,false],"thumbnail":["https:\/\/audec.edu.uy\/wp-content\/uploads\/2025\/04\/La-educacion-es-siempre-un-acto-de-esperanza-150x150.jpg",150,150,true],"medium":["https:\/\/audec.edu.uy\/wp-content\/uploads\/2025\/04\/La-educacion-es-siempre-un-acto-de-esperanza-300x169.jpg",300,169,true],"medium_large":["https:\/\/audec.edu.uy\/wp-content\/uploads\/2025\/04\/La-educacion-es-siempre-un-acto-de-esperanza-768x432.jpg",768,432,true],"large":["https:\/\/audec.edu.uy\/wp-content\/uploads\/2025\/04\/La-educacion-es-siempre-un-acto-de-esperanza-1024x576.jpg",1024,576,true],"1536x1536":["https:\/\/audec.edu.uy\/wp-content\/uploads\/2025\/04\/La-educacion-es-siempre-un-acto-de-esperanza-1536x864.jpg",1536,864,true],"2048x2048":["https:\/\/audec.edu.uy\/wp-content\/uploads\/2025\/04\/La-educacion-es-siempre-un-acto-de-esperanza.jpg",1920,1080,false],"post-thumbnail":["https:\/\/audec.edu.uy\/wp-content\/uploads\/2025\/04\/La-educacion-es-siempre-un-acto-de-esperanza-1200x675.jpg",1200,675,true]},"uagb_author_info":{"display_name":"Andrea","author_link":"https:\/\/audec.edu.uy\/index.php\/author\/andrea\/"},"uagb_comment_info":0,"uagb_excerpt":"Este 21 de abril de 2025 hemos recibido con profundo dolor la noticia del fallecimiento del Papa Francisco. Todos los miembros de la Iglesia Cat\u00f3lica atravesamos un tiempo de duelo; los invitamos a vivirlo desde la memoria agradecida por el ejemplo de entrega infinita que \u00e9l nos regal\u00f3. Desde la Asociaci\u00f3n Uruguaya de Educaci\u00f3n Cat\u00f3lica&hellip;","_links":{"self":[{"href":"https:\/\/audec.edu.uy\/index.php\/wp-json\/wp\/v2\/posts\/5823","targetHints":{"allow":["GET"]}}],"collection":[{"href":"https:\/\/audec.edu.uy\/index.php\/wp-json\/wp\/v2\/posts"}],"about":[{"href":"https:\/\/audec.edu.uy\/index.php\/wp-json\/wp\/v2\/types\/post"}],"author":[{"embeddable":true,"href":"https:\/\/audec.edu.uy\/index.php\/wp-json\/wp\/v2\/users\/4"}],"replies":[{"embeddable":true,"href":"https:\/\/audec.edu.uy\/index.php\/wp-json\/wp\/v2\/comments?post=5823"}],"version-history":[{"count":1,"href":"https:\/\/audec.edu.uy\/index.php\/wp-json\/wp\/v2\/posts\/5823\/revisions"}],"predecessor-version":[{"id":5825,"href":"https:\/\/audec.edu.uy\/index.php\/wp-json\/wp\/v2\/posts\/5823\/revisions\/5825"}],"wp:featuredmedia":[{"embeddable":true,"href":"https:\/\/audec.edu.uy\/index.php\/wp-json\/wp\/v2\/media\/5824"}],"wp:attachment":[{"href":"https:\/\/audec.edu.uy\/index.php\/wp-json\/wp\/v2\/media?parent=5823"}],"wp:term":[{"taxonomy":"category","embeddable":true,"href":"https:\/\/audec.edu.uy\/index.php\/wp-json\/wp\/v2\/categories?post=5823"},{"taxonomy":"post_tag","embeddable":true,"href":"https:\/\/audec.edu.uy\/index.php\/wp-json\/wp\/v2\/tags?post=5823"}],"curies":[{"name":"wp","href":"https:\/\/api.w.org\/{rel}","templated":true}]}}