{"id":5323,"date":"2025-02-27T16:46:35","date_gmt":"2025-02-27T19:46:35","guid":{"rendered":"https:\/\/audec.edu.uy\/?p=5323"},"modified":"2025-02-27T16:51:36","modified_gmt":"2025-02-27T19:51:36","slug":"proeducar-2025-conectar-para-educar","status":"publish","type":"post","link":"https:\/\/audec.edu.uy\/index.php\/2025\/02\/27\/proeducar-2025-conectar-para-educar\/","title":{"rendered":"PROEDUCAR 2025: Conectar para educar"},"content":{"rendered":"\n<p>Nos encontramos, aprendimos y reflexionamos juntos una vez m\u00e1s, porque para educar, siempre es necesario conectar.<\/p>\n\n\n\n<p>La inteligencia artificial nos desaf\u00eda a continuar desarrollando una educaci\u00f3n de cercan\u00eda y el pasado 6 de febrero, en el PROEDUCAR 2025, m\u00e1s de 700 educadores aceptamos el reto.<\/p>\n\n\n\n<p>El Auditorio Nacional Adela Reta fue el escenario de la edici\u00f3n N\u00b034 de nuestro evento insignia donde ocho conferencistas nos compartieron su experiencia e investigaciones sobre el uso de herramientas digitales en el aula, el impacto de la exposici\u00f3n a las pantallas, la convivencia en red, entre otros temas.<\/p>\n\n\n\n<p>Adem\u00e1s, 18 empresas del rubro educativo nos acompa\u00f1aron en la zona de stand que se transform\u00f3 en un verdadero espacio de intercambio.<\/p>\n\n\n\n<p>Seguimos caminando juntos, con fe en el futuro.<\/p>\n\n\n\n<figure class=\"wp-block-gallery has-nested-images columns-default is-cropped wp-block-gallery-1 is-layout-flex wp-block-gallery-is-layout-flex\">\n<figure class=\"wp-block-image size-large\"><img loading=\"lazy\" decoding=\"async\" width=\"1024\" height=\"576\" data-id=\"5324\" src=\"https:\/\/audec.edu.uy\/wp-content\/uploads\/2025\/02\/IMG_7352-1024x576.jpg\" alt=\"\" class=\"wp-image-5324\" srcset=\"https:\/\/audec.edu.uy\/wp-content\/uploads\/2025\/02\/IMG_7352-1024x576.jpg 1024w, https:\/\/audec.edu.uy\/wp-content\/uploads\/2025\/02\/IMG_7352-300x169.jpg 300w, https:\/\/audec.edu.uy\/wp-content\/uploads\/2025\/02\/IMG_7352-768x432.jpg 768w, https:\/\/audec.edu.uy\/wp-content\/uploads\/2025\/02\/IMG_7352-1536x864.jpg 1536w, https:\/\/audec.edu.uy\/wp-content\/uploads\/2025\/02\/IMG_7352-2048x1152.jpg 2048w, https:\/\/audec.edu.uy\/wp-content\/uploads\/2025\/02\/IMG_7352-1200x675.jpg 1200w\" sizes=\"auto, (max-width: 709px) 85vw, (max-width: 909px) 67vw, (max-width: 1362px) 62vw, 840px\" \/><\/figure>\n\n\n\n<figure class=\"wp-block-image size-large\"><img loading=\"lazy\" decoding=\"async\" width=\"1024\" height=\"576\" data-id=\"5333\" src=\"https:\/\/audec.edu.uy\/wp-content\/uploads\/2025\/02\/IMG_7369-1024x576.jpg\" alt=\"\" class=\"wp-image-5333\" srcset=\"https:\/\/audec.edu.uy\/wp-content\/uploads\/2025\/02\/IMG_7369-1024x576.jpg 1024w, https:\/\/audec.edu.uy\/wp-content\/uploads\/2025\/02\/IMG_7369-300x169.jpg 300w, https:\/\/audec.edu.uy\/wp-content\/uploads\/2025\/02\/IMG_7369-768x432.jpg 768w, https:\/\/audec.edu.uy\/wp-content\/uploads\/2025\/02\/IMG_7369-1536x864.jpg 1536w, https:\/\/audec.edu.uy\/wp-content\/uploads\/2025\/02\/IMG_7369-2048x1152.jpg 2048w, https:\/\/audec.edu.uy\/wp-content\/uploads\/2025\/02\/IMG_7369-1200x675.jpg 1200w\" sizes=\"auto, (max-width: 709px) 85vw, (max-width: 909px) 67vw, (max-width: 1362px) 62vw, 840px\" \/><\/figure>\n\n\n\n<figure class=\"wp-block-image size-large\"><img loading=\"lazy\" decoding=\"async\" width=\"1024\" height=\"576\" data-id=\"5325\" src=\"https:\/\/audec.edu.uy\/wp-content\/uploads\/2025\/02\/IMG_7398-1024x576.jpg\" alt=\"\" class=\"wp-image-5325\" srcset=\"https:\/\/audec.edu.uy\/wp-content\/uploads\/2025\/02\/IMG_7398-1024x576.jpg 1024w, https:\/\/audec.edu.uy\/wp-content\/uploads\/2025\/02\/IMG_7398-300x169.jpg 300w, https:\/\/audec.edu.uy\/wp-content\/uploads\/2025\/02\/IMG_7398-768x432.jpg 768w, https:\/\/audec.edu.uy\/wp-content\/uploads\/2025\/02\/IMG_7398-1536x864.jpg 1536w, https:\/\/audec.edu.uy\/wp-content\/uploads\/2025\/02\/IMG_7398-2048x1152.jpg 2048w, https:\/\/audec.edu.uy\/wp-content\/uploads\/2025\/02\/IMG_7398-1200x675.jpg 1200w\" sizes=\"auto, (max-width: 709px) 85vw, (max-width: 909px) 67vw, (max-width: 1362px) 62vw, 840px\" \/><\/figure>\n\n\n\n<figure class=\"wp-block-image size-large\"><img loading=\"lazy\" decoding=\"async\" width=\"1024\" height=\"576\" data-id=\"5326\" src=\"https:\/\/audec.edu.uy\/wp-content\/uploads\/2025\/02\/IMG_7402-1024x576.jpg\" alt=\"\" class=\"wp-image-5326\" srcset=\"https:\/\/audec.edu.uy\/wp-content\/uploads\/2025\/02\/IMG_7402-1024x576.jpg 1024w, https:\/\/audec.edu.uy\/wp-content\/uploads\/2025\/02\/IMG_7402-300x169.jpg 300w, https:\/\/audec.edu.uy\/wp-content\/uploads\/2025\/02\/IMG_7402-768x432.jpg 768w, https:\/\/audec.edu.uy\/wp-content\/uploads\/2025\/02\/IMG_7402-1536x864.jpg 1536w, https:\/\/audec.edu.uy\/wp-content\/uploads\/2025\/02\/IMG_7402-2048x1152.jpg 2048w, https:\/\/audec.edu.uy\/wp-content\/uploads\/2025\/02\/IMG_7402-1200x675.jpg 1200w\" sizes=\"auto, (max-width: 709px) 85vw, (max-width: 909px) 67vw, (max-width: 1362px) 62vw, 840px\" \/><\/figure>\n\n\n\n<figure class=\"wp-block-image size-large\"><img loading=\"lazy\" decoding=\"async\" width=\"1024\" height=\"576\" data-id=\"5336\" src=\"https:\/\/audec.edu.uy\/wp-content\/uploads\/2025\/02\/IMG_7411-1024x576.jpg\" alt=\"\" class=\"wp-image-5336\" srcset=\"https:\/\/audec.edu.uy\/wp-content\/uploads\/2025\/02\/IMG_7411-1024x576.jpg 1024w, https:\/\/audec.edu.uy\/wp-content\/uploads\/2025\/02\/IMG_7411-300x169.jpg 300w, https:\/\/audec.edu.uy\/wp-content\/uploads\/2025\/02\/IMG_7411-768x432.jpg 768w, https:\/\/audec.edu.uy\/wp-content\/uploads\/2025\/02\/IMG_7411-1536x864.jpg 1536w, https:\/\/audec.edu.uy\/wp-content\/uploads\/2025\/02\/IMG_7411-2048x1152.jpg 2048w, https:\/\/audec.edu.uy\/wp-content\/uploads\/2025\/02\/IMG_7411-1200x675.jpg 1200w\" sizes=\"auto, (max-width: 709px) 85vw, (max-width: 909px) 67vw, (max-width: 1362px) 62vw, 840px\" \/><\/figure>\n\n\n\n<figure class=\"wp-block-image size-large\"><img loading=\"lazy\" decoding=\"async\" width=\"1024\" height=\"576\" data-id=\"5328\" src=\"https:\/\/audec.edu.uy\/wp-content\/uploads\/2025\/02\/IMG_7476-1024x576.jpg\" alt=\"\" class=\"wp-image-5328\" srcset=\"https:\/\/audec.edu.uy\/wp-content\/uploads\/2025\/02\/IMG_7476-1024x576.jpg 1024w, https:\/\/audec.edu.uy\/wp-content\/uploads\/2025\/02\/IMG_7476-300x169.jpg 300w, https:\/\/audec.edu.uy\/wp-content\/uploads\/2025\/02\/IMG_7476-768x432.jpg 768w, https:\/\/audec.edu.uy\/wp-content\/uploads\/2025\/02\/IMG_7476-1536x864.jpg 1536w, https:\/\/audec.edu.uy\/wp-content\/uploads\/2025\/02\/IMG_7476-2048x1152.jpg 2048w, https:\/\/audec.edu.uy\/wp-content\/uploads\/2025\/02\/IMG_7476-1200x675.jpg 1200w\" sizes=\"auto, (max-width: 709px) 85vw, (max-width: 909px) 67vw, (max-width: 1362px) 62vw, 840px\" \/><\/figure>\n\n\n\n<figure class=\"wp-block-image size-large\"><img loading=\"lazy\" decoding=\"async\" width=\"1024\" height=\"576\" data-id=\"5330\" src=\"https:\/\/audec.edu.uy\/wp-content\/uploads\/2025\/02\/IMG_7520-1024x576.jpg\" alt=\"\" class=\"wp-image-5330\" srcset=\"https:\/\/audec.edu.uy\/wp-content\/uploads\/2025\/02\/IMG_7520-1024x576.jpg 1024w, https:\/\/audec.edu.uy\/wp-content\/uploads\/2025\/02\/IMG_7520-300x169.jpg 300w, https:\/\/audec.edu.uy\/wp-content\/uploads\/2025\/02\/IMG_7520-768x432.jpg 768w, https:\/\/audec.edu.uy\/wp-content\/uploads\/2025\/02\/IMG_7520-1536x864.jpg 1536w, https:\/\/audec.edu.uy\/wp-content\/uploads\/2025\/02\/IMG_7520-2048x1152.jpg 2048w, https:\/\/audec.edu.uy\/wp-content\/uploads\/2025\/02\/IMG_7520-1200x675.jpg 1200w\" sizes=\"auto, (max-width: 709px) 85vw, (max-width: 909px) 67vw, (max-width: 1362px) 62vw, 840px\" \/><\/figure>\n\n\n\n<figure class=\"wp-block-image size-large\"><img loading=\"lazy\" decoding=\"async\" width=\"1024\" height=\"576\" data-id=\"5329\" src=\"https:\/\/audec.edu.uy\/wp-content\/uploads\/2025\/02\/IMG_7583-1024x576.jpg\" alt=\"\" class=\"wp-image-5329\" srcset=\"https:\/\/audec.edu.uy\/wp-content\/uploads\/2025\/02\/IMG_7583-1024x576.jpg 1024w, https:\/\/audec.edu.uy\/wp-content\/uploads\/2025\/02\/IMG_7583-300x169.jpg 300w, https:\/\/audec.edu.uy\/wp-content\/uploads\/2025\/02\/IMG_7583-768x432.jpg 768w, https:\/\/audec.edu.uy\/wp-content\/uploads\/2025\/02\/IMG_7583-1536x864.jpg 1536w, https:\/\/audec.edu.uy\/wp-content\/uploads\/2025\/02\/IMG_7583-2048x1152.jpg 2048w, https:\/\/audec.edu.uy\/wp-content\/uploads\/2025\/02\/IMG_7583-1200x675.jpg 1200w\" sizes=\"auto, (max-width: 709px) 85vw, (max-width: 909px) 67vw, (max-width: 1362px) 62vw, 840px\" \/><\/figure>\n\n\n\n<figure class=\"wp-block-image size-large\"><img loading=\"lazy\" decoding=\"async\" width=\"1024\" height=\"576\" data-id=\"5344\" src=\"https:\/\/audec.edu.uy\/wp-content\/uploads\/2025\/02\/tands-1024x576.jpeg\" alt=\"\" class=\"wp-image-5344\" srcset=\"https:\/\/audec.edu.uy\/wp-content\/uploads\/2025\/02\/tands-1024x576.jpeg 1024w, https:\/\/audec.edu.uy\/wp-content\/uploads\/2025\/02\/tands-300x169.jpeg 300w, https:\/\/audec.edu.uy\/wp-content\/uploads\/2025\/02\/tands-768x432.jpeg 768w, https:\/\/audec.edu.uy\/wp-content\/uploads\/2025\/02\/tands-1536x864.jpeg 1536w, https:\/\/audec.edu.uy\/wp-content\/uploads\/2025\/02\/tands-2048x1152.jpeg 2048w, https:\/\/audec.edu.uy\/wp-content\/uploads\/2025\/02\/tands-1200x675.jpeg 1200w\" sizes=\"auto, (max-width: 709px) 85vw, (max-width: 909px) 67vw, (max-width: 1362px) 62vw, 840px\" \/><\/figure>\n\n\n\n<figure class=\"wp-block-image size-large\"><img loading=\"lazy\" decoding=\"async\" width=\"1024\" height=\"576\" data-id=\"5332\" src=\"https:\/\/audec.edu.uy\/wp-content\/uploads\/2025\/02\/IMG_7594-1024x576.jpg\" alt=\"\" class=\"wp-image-5332\" srcset=\"https:\/\/audec.edu.uy\/wp-content\/uploads\/2025\/02\/IMG_7594-1024x576.jpg 1024w, https:\/\/audec.edu.uy\/wp-content\/uploads\/2025\/02\/IMG_7594-300x169.jpg 300w, https:\/\/audec.edu.uy\/wp-content\/uploads\/2025\/02\/IMG_7594-768x432.jpg 768w, https:\/\/audec.edu.uy\/wp-content\/uploads\/2025\/02\/IMG_7594-1536x864.jpg 1536w, https:\/\/audec.edu.uy\/wp-content\/uploads\/2025\/02\/IMG_7594-2048x1152.jpg 2048w, https:\/\/audec.edu.uy\/wp-content\/uploads\/2025\/02\/IMG_7594-1200x675.jpg 1200w\" sizes=\"auto, (max-width: 709px) 85vw, (max-width: 909px) 67vw, (max-width: 1362px) 62vw, 840px\" \/><\/figure>\n\n\n\n<figure class=\"wp-block-image size-large\"><img loading=\"lazy\" decoding=\"async\" width=\"1024\" height=\"562\" data-id=\"5341\" src=\"https:\/\/audec.edu.uy\/wp-content\/uploads\/2025\/02\/empre-1024x562.jpg\" alt=\"\" class=\"wp-image-5341\" srcset=\"https:\/\/audec.edu.uy\/wp-content\/uploads\/2025\/02\/empre-1024x562.jpg 1024w, https:\/\/audec.edu.uy\/wp-content\/uploads\/2025\/02\/empre-300x165.jpg 300w, https:\/\/audec.edu.uy\/wp-content\/uploads\/2025\/02\/empre-768x421.jpg 768w, https:\/\/audec.edu.uy\/wp-content\/uploads\/2025\/02\/empre-1536x843.jpg 1536w, https:\/\/audec.edu.uy\/wp-content\/uploads\/2025\/02\/empre-2048x1124.jpg 2048w, https:\/\/audec.edu.uy\/wp-content\/uploads\/2025\/02\/empre-1200x658.jpg 1200w\" sizes=\"auto, (max-width: 709px) 85vw, (max-width: 909px) 67vw, (max-width: 1362px) 62vw, 840px\" \/><\/figure>\n\n\n\n<figure class=\"wp-block-image size-large\"><img loading=\"lazy\" decoding=\"async\" width=\"1024\" height=\"576\" data-id=\"5331\" src=\"https:\/\/audec.edu.uy\/wp-content\/uploads\/2025\/02\/IMG_7637-1024x576.jpg\" alt=\"\" class=\"wp-image-5331\" srcset=\"https:\/\/audec.edu.uy\/wp-content\/uploads\/2025\/02\/IMG_7637-1024x576.jpg 1024w, https:\/\/audec.edu.uy\/wp-content\/uploads\/2025\/02\/IMG_7637-300x169.jpg 300w, https:\/\/audec.edu.uy\/wp-content\/uploads\/2025\/02\/IMG_7637-768x432.jpg 768w, https:\/\/audec.edu.uy\/wp-content\/uploads\/2025\/02\/IMG_7637-1536x864.jpg 1536w, https:\/\/audec.edu.uy\/wp-content\/uploads\/2025\/02\/IMG_7637-2048x1152.jpg 2048w, https:\/\/audec.edu.uy\/wp-content\/uploads\/2025\/02\/IMG_7637-1200x675.jpg 1200w\" sizes=\"auto, (max-width: 709px) 85vw, (max-width: 909px) 67vw, (max-width: 1362px) 62vw, 840px\" \/><\/figure>\n\n\n\n<figure class=\"wp-block-image size-large\"><img loading=\"lazy\" decoding=\"async\" width=\"1024\" height=\"576\" data-id=\"5327\" src=\"https:\/\/audec.edu.uy\/wp-content\/uploads\/2025\/02\/IMG_7689-1024x576.jpg\" alt=\"\" class=\"wp-image-5327\" srcset=\"https:\/\/audec.edu.uy\/wp-content\/uploads\/2025\/02\/IMG_7689-1024x576.jpg 1024w, https:\/\/audec.edu.uy\/wp-content\/uploads\/2025\/02\/IMG_7689-300x169.jpg 300w, https:\/\/audec.edu.uy\/wp-content\/uploads\/2025\/02\/IMG_7689-768x432.jpg 768w, https:\/\/audec.edu.uy\/wp-content\/uploads\/2025\/02\/IMG_7689-1536x864.jpg 1536w, https:\/\/audec.edu.uy\/wp-content\/uploads\/2025\/02\/IMG_7689-2048x1152.jpg 2048w, https:\/\/audec.edu.uy\/wp-content\/uploads\/2025\/02\/IMG_7689-1200x675.jpg 1200w\" sizes=\"auto, (max-width: 709px) 85vw, (max-width: 909px) 67vw, (max-width: 1362px) 62vw, 840px\" \/><\/figure>\n<\/figure>\n","protected":false},"excerpt":{"rendered":"<p>Nos encontramos, aprendimos y reflexionamos juntos una vez m\u00e1s, porque para educar, siempre es necesario conectar. La inteligencia artificial nos desaf\u00eda a continuar desarrollando una educaci\u00f3n de cercan\u00eda y el pasado 6 de febrero, en el PROEDUCAR 2025, m\u00e1s de 700 educadores aceptamos el reto. El Auditorio Nacional Adela Reta fue el escenario de la &hellip; <a href=\"https:\/\/audec.edu.uy\/index.php\/2025\/02\/27\/proeducar-2025-conectar-para-educar\/\" class=\"more-link\">Continue reading<span class=\"screen-reader-text\"> \u00abPROEDUCAR 2025: Conectar para educar\u00bb<\/span><\/a><\/p>\n","protected":false},"author":4,"featured_media":5338,"comment_status":"closed","ping_status":"closed","sticky":false,"template":"","format":"standard","meta":{"_uag_custom_page_level_css":"","footnotes":""},"categories":[2],"tags":[],"class_list":["post-5323","post","type-post","status-publish","format-standard","has-post-thumbnail","hentry","category-noticias"],"uagb_featured_image_src":{"full":["https:\/\/audec.edu.uy\/wp-content\/uploads\/2025\/02\/PROD.jpg",1024,576,false],"thumbnail":["https:\/\/audec.edu.uy\/wp-content\/uploads\/2025\/02\/PROD-150x150.jpg",150,150,true],"medium":["https:\/\/audec.edu.uy\/wp-content\/uploads\/2025\/02\/PROD-300x169.jpg",300,169,true],"medium_large":["https:\/\/audec.edu.uy\/wp-content\/uploads\/2025\/02\/PROD-768x432.jpg",768,432,true],"large":["https:\/\/audec.edu.uy\/wp-content\/uploads\/2025\/02\/PROD.jpg",1024,576,false],"1536x1536":["https:\/\/audec.edu.uy\/wp-content\/uploads\/2025\/02\/PROD.jpg",1024,576,false],"2048x2048":["https:\/\/audec.edu.uy\/wp-content\/uploads\/2025\/02\/PROD.jpg",1024,576,false],"post-thumbnail":["https:\/\/audec.edu.uy\/wp-content\/uploads\/2025\/02\/PROD.jpg",1024,576,false]},"uagb_author_info":{"display_name":"Andrea","author_link":"https:\/\/audec.edu.uy\/index.php\/author\/andrea\/"},"uagb_comment_info":0,"uagb_excerpt":"Nos encontramos, aprendimos y reflexionamos juntos una vez m\u00e1s, porque para educar, siempre es necesario conectar. La inteligencia artificial nos desaf\u00eda a continuar desarrollando una educaci\u00f3n de cercan\u00eda y el pasado 6 de febrero, en el PROEDUCAR 2025, m\u00e1s de 700 educadores aceptamos el reto. El Auditorio Nacional Adela Reta fue el escenario de la&hellip;","_links":{"self":[{"href":"https:\/\/audec.edu.uy\/index.php\/wp-json\/wp\/v2\/posts\/5323","targetHints":{"allow":["GET"]}}],"collection":[{"href":"https:\/\/audec.edu.uy\/index.php\/wp-json\/wp\/v2\/posts"}],"about":[{"href":"https:\/\/audec.edu.uy\/index.php\/wp-json\/wp\/v2\/types\/post"}],"author":[{"embeddable":true,"href":"https:\/\/audec.edu.uy\/index.php\/wp-json\/wp\/v2\/users\/4"}],"replies":[{"embeddable":true,"href":"https:\/\/audec.edu.uy\/index.php\/wp-json\/wp\/v2\/comments?post=5323"}],"version-history":[{"count":4,"href":"https:\/\/audec.edu.uy\/index.php\/wp-json\/wp\/v2\/posts\/5323\/revisions"}],"predecessor-version":[{"id":5345,"href":"https:\/\/audec.edu.uy\/index.php\/wp-json\/wp\/v2\/posts\/5323\/revisions\/5345"}],"wp:featuredmedia":[{"embeddable":true,"href":"https:\/\/audec.edu.uy\/index.php\/wp-json\/wp\/v2\/media\/5338"}],"wp:attachment":[{"href":"https:\/\/audec.edu.uy\/index.php\/wp-json\/wp\/v2\/media?parent=5323"}],"wp:term":[{"taxonomy":"category","embeddable":true,"href":"https:\/\/audec.edu.uy\/index.php\/wp-json\/wp\/v2\/categories?post=5323"},{"taxonomy":"post_tag","embeddable":true,"href":"https:\/\/audec.edu.uy\/index.php\/wp-json\/wp\/v2\/tags?post=5323"}],"curies":[{"name":"wp","href":"https:\/\/api.w.org\/{rel}","templated":true}]}}