{"id":4037,"date":"2024-09-17T16:19:27","date_gmt":"2024-09-17T19:19:27","guid":{"rendered":"https:\/\/audec.edu.uy\/?p=4037"},"modified":"2024-09-17T16:24:43","modified_gmt":"2024-09-17T19:24:43","slug":"dia-de-la-educacion-catolica-2","status":"publish","type":"post","link":"https:\/\/audec.edu.uy\/index.php\/2024\/09\/17\/dia-de-la-educacion-catolica-2\/","title":{"rendered":"Celebraci\u00f3n D\u00eda de la Educaci\u00f3n Cat\u00f3lica"},"content":{"rendered":"\n<p><\/p>\n\n\n\n<p>Una fecha donde celebramos nuestra identidad, nuestro trabajo en comuni\u00f3n y la entrega generosa de cada uno de los miembros de los m\u00e1s de 150 colegios y 170 proyectos socioeducativos de nuestro pa\u00eds.<\/p>\n\n\n\n<p><\/p>\n\n\n\n<p>Desde AUDEC, este a\u00f1o, pusimos el foco en el futuro con una mirada esperanzadora, proyectando el escenario educativo 2030. Nos acompa\u00f1aron tres expertos; Mariana Pomi\u00e9s (Directora Consultora CIFRA), Javier Lasida (Presidente INEEd) y Federico Rodr\u00edguez (Soci\u00f3logo).<\/p>\n\n\n\n<p><\/p>\n\n\n\n<p>Los integrantes del panel nos compartieron los principales cambios demogr\u00e1ficos, sociales y familiares que inciden en la educaci\u00f3n y que nos desaf\u00edan a seguir respondiendo a las necesidades de los ni\u00f1os, ni\u00f1as y adolescentes.<\/p>\n\n\n\n<p><a href=\"https:\/\/youtu.be\/zz8SRbC-IHg?si=fUuATGCn_25z1wpP\">Ver video aqu\u00ed.<\/a><\/p>\n","protected":false},"excerpt":{"rendered":"<p>Una fecha donde celebramos nuestra identidad, nuestro trabajo en comuni\u00f3n y la entrega generosa de cada uno de los miembros de los m\u00e1s de 150 colegios y 170 proyectos socioeducativos de nuestro pa\u00eds. Desde AUDEC, este a\u00f1o, pusimos el foco en el futuro con una mirada esperanzadora, proyectando el escenario educativo 2030. Nos acompa\u00f1aron tres &hellip; <a href=\"https:\/\/audec.edu.uy\/index.php\/2024\/09\/17\/dia-de-la-educacion-catolica-2\/\" class=\"more-link\">Continue reading<span class=\"screen-reader-text\"> \u00abCelebraci\u00f3n D\u00eda de la Educaci\u00f3n Cat\u00f3lica\u00bb<\/span><\/a><\/p>\n","protected":false},"author":4,"featured_media":4039,"comment_status":"closed","ping_status":"closed","sticky":false,"template":"","format":"standard","meta":{"_uag_custom_page_level_css":"","footnotes":""},"categories":[2],"tags":[],"class_list":["post-4037","post","type-post","status-publish","format-standard","has-post-thumbnail","hentry","category-noticias"],"uagb_featured_image_src":{"full":["https:\/\/audec.edu.uy\/wp-content\/uploads\/2024\/09\/mesa.jpg",1920,1080,false],"thumbnail":["https:\/\/audec.edu.uy\/wp-content\/uploads\/2024\/09\/mesa-150x150.jpg",150,150,true],"medium":["https:\/\/audec.edu.uy\/wp-content\/uploads\/2024\/09\/mesa-300x169.jpg",300,169,true],"medium_large":["https:\/\/audec.edu.uy\/wp-content\/uploads\/2024\/09\/mesa-768x432.jpg",768,432,true],"large":["https:\/\/audec.edu.uy\/wp-content\/uploads\/2024\/09\/mesa-1024x576.jpg",1024,576,true],"1536x1536":["https:\/\/audec.edu.uy\/wp-content\/uploads\/2024\/09\/mesa-1536x864.jpg",1536,864,true],"2048x2048":["https:\/\/audec.edu.uy\/wp-content\/uploads\/2024\/09\/mesa.jpg",1920,1080,false],"post-thumbnail":["https:\/\/audec.edu.uy\/wp-content\/uploads\/2024\/09\/mesa-1200x675.jpg",1200,675,true]},"uagb_author_info":{"display_name":"Andrea","author_link":"https:\/\/audec.edu.uy\/index.php\/author\/andrea\/"},"uagb_comment_info":0,"uagb_excerpt":"Una fecha donde celebramos nuestra identidad, nuestro trabajo en comuni\u00f3n y la entrega generosa de cada uno de los miembros de los m\u00e1s de 150 colegios y 170 proyectos socioeducativos de nuestro pa\u00eds. Desde AUDEC, este a\u00f1o, pusimos el foco en el futuro con una mirada esperanzadora, proyectando el escenario educativo 2030. Nos acompa\u00f1aron tres&hellip;","_links":{"self":[{"href":"https:\/\/audec.edu.uy\/index.php\/wp-json\/wp\/v2\/posts\/4037","targetHints":{"allow":["GET"]}}],"collection":[{"href":"https:\/\/audec.edu.uy\/index.php\/wp-json\/wp\/v2\/posts"}],"about":[{"href":"https:\/\/audec.edu.uy\/index.php\/wp-json\/wp\/v2\/types\/post"}],"author":[{"embeddable":true,"href":"https:\/\/audec.edu.uy\/index.php\/wp-json\/wp\/v2\/users\/4"}],"replies":[{"embeddable":true,"href":"https:\/\/audec.edu.uy\/index.php\/wp-json\/wp\/v2\/comments?post=4037"}],"version-history":[{"count":2,"href":"https:\/\/audec.edu.uy\/index.php\/wp-json\/wp\/v2\/posts\/4037\/revisions"}],"predecessor-version":[{"id":4040,"href":"https:\/\/audec.edu.uy\/index.php\/wp-json\/wp\/v2\/posts\/4037\/revisions\/4040"}],"wp:featuredmedia":[{"embeddable":true,"href":"https:\/\/audec.edu.uy\/index.php\/wp-json\/wp\/v2\/media\/4039"}],"wp:attachment":[{"href":"https:\/\/audec.edu.uy\/index.php\/wp-json\/wp\/v2\/media?parent=4037"}],"wp:term":[{"taxonomy":"category","embeddable":true,"href":"https:\/\/audec.edu.uy\/index.php\/wp-json\/wp\/v2\/categories?post=4037"},{"taxonomy":"post_tag","embeddable":true,"href":"https:\/\/audec.edu.uy\/index.php\/wp-json\/wp\/v2\/tags?post=4037"}],"curies":[{"name":"wp","href":"https:\/\/api.w.org\/{rel}","templated":true}]}}