{"id":3744,"date":"2024-08-19T17:00:54","date_gmt":"2024-08-19T20:00:54","guid":{"rendered":"https:\/\/audec.edu.uy\/?p=3744"},"modified":"2024-08-19T17:00:55","modified_gmt":"2024-08-19T20:00:55","slug":"convocatoria-a-asamblea","status":"publish","type":"post","link":"https:\/\/audec.edu.uy\/index.php\/2024\/08\/19\/convocatoria-a-asamblea\/","title":{"rendered":"Convocatoria a Asamblea"},"content":{"rendered":"\n<p>La Direcci\u00f3n Nacional de AUDEC convoca a todos los asociados a la Asamblea Ordinaria que se realizar\u00e1 el\u00a0<strong>lunes 9 de setiembre a las 8:45 h en el Colegio Seminario<\/strong>\u00a0(Soriano 1472, Montevideo).<br><br>Recordamos que s\u00f3lo pueden asistir los representantes de los Centros Educativos y los Miembros de Derecho que est\u00e9n debidamente registrados en AUDEC como autorizados para participar en nuestras Asambleas.<\/p>\n\n\n\n<p><strong>Si las personas autorizadas han cambiado, agradecemos comunicarse al mail&nbsp;<a href=\"mailto:secretaria@audec.edu.uy\" target=\"_blank\" rel=\"noreferrer noopener\">secretaria@audec.edu.uy<\/a>.<\/strong><\/p>\n\n\n\n<p><strong>ORDEN DEL D\u00cdA \u2013 9 DE SETIEMBRE 2024<\/strong><\/p>\n\n\n\n<ul class=\"wp-block-list\">\n<li>\u00a08:45 h &#8211; Primer llamado, firma de asistencias.<\/li>\n\n\n\n<li>\u00a09:00 h &#8211; Segundo llamado, oraci\u00f3n y bienvenida.<\/li>\n\n\n\n<li>\u00a09:15 h &#8211; Presentaci\u00f3n Memoria de trabajo.<\/li>\n\n\n\n<li>\u00a09:45 h &#8211; Presentaci\u00f3n Estados financieros.<\/li>\n\n\n\n<li>\u00a010:15 h &#8211; Informe de situaci\u00f3n Consejo de Salarios.<\/li>\n\n\n\n<li>\u00a010:30 h &#8211; Espacio de consultas.<\/li>\n\n\n\n<li>\u00a011:00 h &#8211; Celebramos el d\u00eda de la Educaci\u00f3n Cat\u00f3lica.<\/li>\n\n\n\n<li>\u00a012:30 h &#8211; Cierre<\/li>\n<\/ul>\n","protected":false},"excerpt":{"rendered":"<p>La Direcci\u00f3n Nacional de AUDEC convoca a todos los asociados a la Asamblea Ordinaria que se realizar\u00e1 el\u00a0lunes 9 de setiembre a las 8:45 h en el Colegio Seminario\u00a0(Soriano 1472, Montevideo). Recordamos que s\u00f3lo pueden asistir los representantes de los Centros Educativos y los Miembros de Derecho que est\u00e9n debidamente registrados en AUDEC como autorizados &hellip; <a href=\"https:\/\/audec.edu.uy\/index.php\/2024\/08\/19\/convocatoria-a-asamblea\/\" class=\"more-link\">Continue reading<span class=\"screen-reader-text\"> \u00abConvocatoria a Asamblea\u00bb<\/span><\/a><\/p>\n","protected":false},"author":4,"featured_media":3745,"comment_status":"closed","ping_status":"closed","sticky":false,"template":"","format":"standard","meta":{"_uag_custom_page_level_css":"","footnotes":""},"categories":[2],"tags":[],"class_list":["post-3744","post","type-post","status-publish","format-standard","has-post-thumbnail","hentry","category-noticias"],"uagb_featured_image_src":{"full":["https:\/\/audec.edu.uy\/wp-content\/uploads\/2024\/08\/asamblea.jpg",1920,1080,false],"thumbnail":["https:\/\/audec.edu.uy\/wp-content\/uploads\/2024\/08\/asamblea-150x150.jpg",150,150,true],"medium":["https:\/\/audec.edu.uy\/wp-content\/uploads\/2024\/08\/asamblea-300x169.jpg",300,169,true],"medium_large":["https:\/\/audec.edu.uy\/wp-content\/uploads\/2024\/08\/asamblea-768x432.jpg",768,432,true],"large":["https:\/\/audec.edu.uy\/wp-content\/uploads\/2024\/08\/asamblea-1024x576.jpg",1024,576,true],"1536x1536":["https:\/\/audec.edu.uy\/wp-content\/uploads\/2024\/08\/asamblea-1536x864.jpg",1536,864,true],"2048x2048":["https:\/\/audec.edu.uy\/wp-content\/uploads\/2024\/08\/asamblea.jpg",1920,1080,false],"post-thumbnail":["https:\/\/audec.edu.uy\/wp-content\/uploads\/2024\/08\/asamblea-1200x675.jpg",1200,675,true]},"uagb_author_info":{"display_name":"Andrea","author_link":"https:\/\/audec.edu.uy\/index.php\/author\/andrea\/"},"uagb_comment_info":0,"uagb_excerpt":"La Direcci\u00f3n Nacional de AUDEC convoca a todos los asociados a la Asamblea Ordinaria que se realizar\u00e1 el\u00a0lunes 9 de setiembre a las 8:45 h en el Colegio Seminario\u00a0(Soriano 1472, Montevideo). Recordamos que s\u00f3lo pueden asistir los representantes de los Centros Educativos y los Miembros de Derecho que est\u00e9n debidamente registrados en AUDEC como autorizados&hellip;","_links":{"self":[{"href":"https:\/\/audec.edu.uy\/index.php\/wp-json\/wp\/v2\/posts\/3744","targetHints":{"allow":["GET"]}}],"collection":[{"href":"https:\/\/audec.edu.uy\/index.php\/wp-json\/wp\/v2\/posts"}],"about":[{"href":"https:\/\/audec.edu.uy\/index.php\/wp-json\/wp\/v2\/types\/post"}],"author":[{"embeddable":true,"href":"https:\/\/audec.edu.uy\/index.php\/wp-json\/wp\/v2\/users\/4"}],"replies":[{"embeddable":true,"href":"https:\/\/audec.edu.uy\/index.php\/wp-json\/wp\/v2\/comments?post=3744"}],"version-history":[{"count":1,"href":"https:\/\/audec.edu.uy\/index.php\/wp-json\/wp\/v2\/posts\/3744\/revisions"}],"predecessor-version":[{"id":3746,"href":"https:\/\/audec.edu.uy\/index.php\/wp-json\/wp\/v2\/posts\/3744\/revisions\/3746"}],"wp:featuredmedia":[{"embeddable":true,"href":"https:\/\/audec.edu.uy\/index.php\/wp-json\/wp\/v2\/media\/3745"}],"wp:attachment":[{"href":"https:\/\/audec.edu.uy\/index.php\/wp-json\/wp\/v2\/media?parent=3744"}],"wp:term":[{"taxonomy":"category","embeddable":true,"href":"https:\/\/audec.edu.uy\/index.php\/wp-json\/wp\/v2\/categories?post=3744"},{"taxonomy":"post_tag","embeddable":true,"href":"https:\/\/audec.edu.uy\/index.php\/wp-json\/wp\/v2\/tags?post=3744"}],"curies":[{"name":"wp","href":"https:\/\/api.w.org\/{rel}","templated":true}]}}