{"id":1202,"date":"2023-10-24T16:29:25","date_gmt":"2023-10-24T19:29:25","guid":{"rendered":"http:\/\/audec.edu.uy\/?p=1202"},"modified":"2023-10-27T15:37:37","modified_gmt":"2023-10-27T18:37:37","slug":"dia-de-la-educacion-catolica","status":"publish","type":"post","link":"https:\/\/audec.edu.uy\/index.php\/2023\/10\/24\/dia-de-la-educacion-catolica\/","title":{"rendered":"D\u00eda de la Educaci\u00f3n Cat\u00f3lica"},"content":{"rendered":"\n<p>Este a\u00f1o quisimos que el Pacto Educativo Global fuera nuestra gu\u00eda e inspiraci\u00f3n para el D\u00eda de la Educaci\u00f3n Cat\u00f3lica.<\/p>\n\n\n\n<p>Es as\u00ed que invitamos a todos nuestros asociados a ser parte de esta celebraci\u00f3n teniendo presente dos de los siete retos que propone el documento: <em>escuchar las voces de los ni\u00f1os y los j\u00f3venes <\/em>y<em> cuidar la casa com\u00fan.<\/em><\/p>\n\n\n\n<p>Invitamos a nuestros socios a enviarnos las voces de sus ni\u00f1os  y j\u00f3venes, siguiendo una consigna en particular; <em>\u00bfc\u00f3mo te gustar\u00eda que fuera el mundo cuando seas grande?, \u00bfc\u00f3mo cuid\u00e1s el planeta? \u00bfqu\u00e9 nos pedir\u00edas a los adultos?<\/em>  De todos estos audios surgi\u00f3 un emotivo mensaje institucional que pueden ver aqu\u00ed: <a href=\"https:\/\/www.youtube.com\/watch?v=RGf7ln6bzxU\" data-type=\"link\" data-id=\"https:\/\/www.youtube.com\/watch?v=RGf7ln6bzxU\">https:\/\/www.youtube.com\/watch?v=RGf7ln6bzxU<\/a><\/p>\n\n\n\n<p>El d\u00eda de la celebraci\u00f3n compartimos la conferencia <em>\u00abPacto Educativo Global: desaf\u00edos y compromisos para nuestra educaci\u00f3n hoy\u00bb.&nbsp;<\/em>La misma estuvo a cargo de Guillermo Guti\u00e9rrez, Coordinador del Equipo Provincial de Educaci\u00f3n de las Hijas de Mar\u00eda Auxiliadora en Uruguay.<\/p>\n\n\n\n<p>Cerramos el d\u00eda con un gesto de cuidado hacia el ambiente, entregando kits plantables para que sean sembrados en nuestros centros.<\/p>\n\n\n\n<p><strong><em>Seguimos construyendo identidad, en clave de escucha y cuidado.<\/em><\/strong><\/p>\n\n\n\n<div class=\"wp-block-file\"><a id=\"wp-block-file--media-c8b4c890-c78e-4d07-b166-2aced21f55de\" href=\"https:\/\/audec.edu.uy\/wp-content\/uploads\/2023\/10\/Pacto-Educativo-Global-Presentacion-AUDEC.pdf\">Pacto Educativo Global &#8211; Material utilizado en la conferencia<\/a><a href=\"https:\/\/audec.edu.uy\/wp-content\/uploads\/2023\/10\/Pacto-Educativo-Global-Presentacion-AUDEC.pdf\" class=\"wp-block-file__button wp-element-button\" download aria-describedby=\"wp-block-file--media-c8b4c890-c78e-4d07-b166-2aced21f55de\">Descarga<\/a><\/div>\n","protected":false},"excerpt":{"rendered":"<p>Este a\u00f1o quisimos que el Pacto Educativo Global fuera nuestra gu\u00eda e inspiraci\u00f3n para el D\u00eda de la Educaci\u00f3n Cat\u00f3lica. Es as\u00ed que invitamos a todos nuestros asociados a ser parte de esta celebraci\u00f3n teniendo presente dos de los siete retos que propone el documento: escuchar las voces de los ni\u00f1os y los j\u00f3venes y &hellip; <a href=\"https:\/\/audec.edu.uy\/index.php\/2023\/10\/24\/dia-de-la-educacion-catolica\/\" class=\"more-link\">Continue reading<span class=\"screen-reader-text\"> \u00abD\u00eda de la Educaci\u00f3n Cat\u00f3lica\u00bb<\/span><\/a><\/p>\n","protected":false},"author":4,"featured_media":1203,"comment_status":"closed","ping_status":"closed","sticky":false,"template":"","format":"standard","meta":{"_uag_custom_page_level_css":"","footnotes":""},"categories":[2],"tags":[],"class_list":["post-1202","post","type-post","status-publish","format-standard","has-post-thumbnail","hentry","category-noticias"],"uagb_featured_image_src":{"full":["https:\/\/audec.edu.uy\/wp-content\/uploads\/2023\/10\/IMG_1692-scaled.jpg",2560,1440,false],"thumbnail":["https:\/\/audec.edu.uy\/wp-content\/uploads\/2023\/10\/IMG_1692-150x150.jpg",150,150,true],"medium":["https:\/\/audec.edu.uy\/wp-content\/uploads\/2023\/10\/IMG_1692-300x169.jpg",300,169,true],"medium_large":["https:\/\/audec.edu.uy\/wp-content\/uploads\/2023\/10\/IMG_1692-768x432.jpg",768,432,true],"large":["https:\/\/audec.edu.uy\/wp-content\/uploads\/2023\/10\/IMG_1692-1024x576.jpg",1024,576,true],"1536x1536":["https:\/\/audec.edu.uy\/wp-content\/uploads\/2023\/10\/IMG_1692-1536x864.jpg",1536,864,true],"2048x2048":["https:\/\/audec.edu.uy\/wp-content\/uploads\/2023\/10\/IMG_1692-2048x1152.jpg",2048,1152,true],"post-thumbnail":["https:\/\/audec.edu.uy\/wp-content\/uploads\/2023\/10\/IMG_1692-1200x675.jpg",1200,675,true]},"uagb_author_info":{"display_name":"Andrea","author_link":"https:\/\/audec.edu.uy\/index.php\/author\/andrea\/"},"uagb_comment_info":0,"uagb_excerpt":"Este a\u00f1o quisimos que el Pacto Educativo Global fuera nuestra gu\u00eda e inspiraci\u00f3n para el D\u00eda de la Educaci\u00f3n Cat\u00f3lica. Es as\u00ed que invitamos a todos nuestros asociados a ser parte de esta celebraci\u00f3n teniendo presente dos de los siete retos que propone el documento: escuchar las voces de los ni\u00f1os y los j\u00f3venes y&hellip;","_links":{"self":[{"href":"https:\/\/audec.edu.uy\/index.php\/wp-json\/wp\/v2\/posts\/1202","targetHints":{"allow":["GET"]}}],"collection":[{"href":"https:\/\/audec.edu.uy\/index.php\/wp-json\/wp\/v2\/posts"}],"about":[{"href":"https:\/\/audec.edu.uy\/index.php\/wp-json\/wp\/v2\/types\/post"}],"author":[{"embeddable":true,"href":"https:\/\/audec.edu.uy\/index.php\/wp-json\/wp\/v2\/users\/4"}],"replies":[{"embeddable":true,"href":"https:\/\/audec.edu.uy\/index.php\/wp-json\/wp\/v2\/comments?post=1202"}],"version-history":[{"count":3,"href":"https:\/\/audec.edu.uy\/index.php\/wp-json\/wp\/v2\/posts\/1202\/revisions"}],"predecessor-version":[{"id":1244,"href":"https:\/\/audec.edu.uy\/index.php\/wp-json\/wp\/v2\/posts\/1202\/revisions\/1244"}],"wp:featuredmedia":[{"embeddable":true,"href":"https:\/\/audec.edu.uy\/index.php\/wp-json\/wp\/v2\/media\/1203"}],"wp:attachment":[{"href":"https:\/\/audec.edu.uy\/index.php\/wp-json\/wp\/v2\/media?parent=1202"}],"wp:term":[{"taxonomy":"category","embeddable":true,"href":"https:\/\/audec.edu.uy\/index.php\/wp-json\/wp\/v2\/categories?post=1202"},{"taxonomy":"post_tag","embeddable":true,"href":"https:\/\/audec.edu.uy\/index.php\/wp-json\/wp\/v2\/tags?post=1202"}],"curies":[{"name":"wp","href":"https:\/\/api.w.org\/{rel}","templated":true}]}}